{"id":3663,"date":"2015-09-18T23:19:52","date_gmt":"2015-09-18T21:19:52","guid":{"rendered":"http:\/\/www.vwpolo6n.de\/christian\/?p=3663"},"modified":"2015-09-19T01:36:54","modified_gmt":"2015-09-18T23:36:54","slug":"der-erste-polo-6n","status":"publish","type":"post","link":"https:\/\/www.vwpolo6n.de\/christian\/2015\/09\/18\/der-erste-polo-6n\/","title":{"rendered":"Der erste Polo 6N"},"content":{"rendered":"<p>August 2015.<\/p>\n<p>Im VW Museum in Wolfsburg steht der erste Serien-Polo 6N von 1994 mit der Fahrgestellnummer 000001, gebaut im Werk\u00a0in Spanien:\/\/Navarra\/Pamplona.<br \/>\nMir bot sich die einmalige Gelegenheit einen exklusiven Blick in das Fahrzeug nehmen zu k\u00f6nnen.<\/p>\n<p><a href=\"https:\/\/www.vwpolo6n.de\/christian\/wp-content\/uploads\/2015\/09\/der_erste_6N_01.jpg\"><img loading=\"lazy\" decoding=\"async\" class=\"alignnone size-medium wp-image-3664\" src=\"https:\/\/www.vwpolo6n.de\/christian\/wp-content\/uploads\/2015\/09\/der_erste_6N_01-300x225.jpg\" alt=\"der_erste_6N_01\" width=\"300\" height=\"225\" srcset=\"https:\/\/www.vwpolo6n.de\/christian\/wp-content\/uploads\/2015\/09\/der_erste_6N_01-300x225.jpg 300w, https:\/\/www.vwpolo6n.de\/christian\/wp-content\/uploads\/2015\/09\/der_erste_6N_01.jpg 600w\" sizes=\"auto, (max-width: 300px) 100vw, 300px\" \/><\/a> <a href=\"https:\/\/www.vwpolo6n.de\/christian\/wp-content\/uploads\/2015\/09\/der_erste_6N_02.jpg\"><img loading=\"lazy\" decoding=\"async\" class=\"alignnone size-medium wp-image-3665\" src=\"https:\/\/www.vwpolo6n.de\/christian\/wp-content\/uploads\/2015\/09\/der_erste_6N_02-300x225.jpg\" alt=\"der_erste_6N_02\" width=\"300\" height=\"225\" srcset=\"https:\/\/www.vwpolo6n.de\/christian\/wp-content\/uploads\/2015\/09\/der_erste_6N_02-300x225.jpg 300w, https:\/\/www.vwpolo6n.de\/christian\/wp-content\/uploads\/2015\/09\/der_erste_6N_02.jpg 600w\" sizes=\"auto, (max-width: 300px) 100vw, 300px\" \/><\/a> <a href=\"https:\/\/www.vwpolo6n.de\/christian\/wp-content\/uploads\/2015\/09\/der_erste_6N_03.jpg\"><img loading=\"lazy\" decoding=\"async\" class=\"alignnone size-medium wp-image-3666\" src=\"https:\/\/www.vwpolo6n.de\/christian\/wp-content\/uploads\/2015\/09\/der_erste_6N_03-300x225.jpg\" alt=\"der_erste_6N_03\" width=\"300\" height=\"225\" srcset=\"https:\/\/www.vwpolo6n.de\/christian\/wp-content\/uploads\/2015\/09\/der_erste_6N_03-300x225.jpg 300w, https:\/\/www.vwpolo6n.de\/christian\/wp-content\/uploads\/2015\/09\/der_erste_6N_03.jpg 600w\" sizes=\"auto, (max-width: 300px) 100vw, 300px\" \/><\/a> <a href=\"https:\/\/www.vwpolo6n.de\/christian\/wp-content\/uploads\/2015\/09\/der_erste_6N_04.jpg\"><img loading=\"lazy\" decoding=\"async\" class=\"alignnone size-medium wp-image-3667\" src=\"https:\/\/www.vwpolo6n.de\/christian\/wp-content\/uploads\/2015\/09\/der_erste_6N_04-300x225.jpg\" alt=\"der_erste_6N_04\" width=\"300\" height=\"225\" srcset=\"https:\/\/www.vwpolo6n.de\/christian\/wp-content\/uploads\/2015\/09\/der_erste_6N_04-300x225.jpg 300w, https:\/\/www.vwpolo6n.de\/christian\/wp-content\/uploads\/2015\/09\/der_erste_6N_04.jpg 600w\" sizes=\"auto, (max-width: 300px) 100vw, 300px\" \/><\/a> <a href=\"https:\/\/www.vwpolo6n.de\/christian\/wp-content\/uploads\/2015\/09\/der_erste_6N_05.jpg\"><img loading=\"lazy\" decoding=\"async\" class=\"alignnone size-medium wp-image-3668\" src=\"https:\/\/www.vwpolo6n.de\/christian\/wp-content\/uploads\/2015\/09\/der_erste_6N_05-300x225.jpg\" alt=\"der_erste_6N_05\" width=\"300\" height=\"225\" srcset=\"https:\/\/www.vwpolo6n.de\/christian\/wp-content\/uploads\/2015\/09\/der_erste_6N_05-300x225.jpg 300w, https:\/\/www.vwpolo6n.de\/christian\/wp-content\/uploads\/2015\/09\/der_erste_6N_05.jpg 600w\" sizes=\"auto, (max-width: 300px) 100vw, 300px\" \/><\/a> <a href=\"https:\/\/www.vwpolo6n.de\/christian\/wp-content\/uploads\/2015\/09\/der_erste_6N_06.jpg\"><img loading=\"lazy\" decoding=\"async\" class=\"alignnone size-medium wp-image-3669\" src=\"https:\/\/www.vwpolo6n.de\/christian\/wp-content\/uploads\/2015\/09\/der_erste_6N_06-300x225.jpg\" alt=\"der_erste_6N_06\" width=\"300\" height=\"225\" srcset=\"https:\/\/www.vwpolo6n.de\/christian\/wp-content\/uploads\/2015\/09\/der_erste_6N_06-300x225.jpg 300w, https:\/\/www.vwpolo6n.de\/christian\/wp-content\/uploads\/2015\/09\/der_erste_6N_06.jpg 600w\" sizes=\"auto, (max-width: 300px) 100vw, 300px\" \/><\/a> <a href=\"https:\/\/www.vwpolo6n.de\/christian\/wp-content\/uploads\/2015\/09\/der_erste_6N_07.jpg\"><img loading=\"lazy\" decoding=\"async\" class=\"alignnone size-medium wp-image-3670\" src=\"https:\/\/www.vwpolo6n.de\/christian\/wp-content\/uploads\/2015\/09\/der_erste_6N_07-300x225.jpg\" alt=\"der_erste_6N_07\" width=\"300\" height=\"225\" srcset=\"https:\/\/www.vwpolo6n.de\/christian\/wp-content\/uploads\/2015\/09\/der_erste_6N_07-300x225.jpg 300w, https:\/\/www.vwpolo6n.de\/christian\/wp-content\/uploads\/2015\/09\/der_erste_6N_07.jpg 600w\" sizes=\"auto, (max-width: 300px) 100vw, 300px\" \/><\/a> <a href=\"https:\/\/www.vwpolo6n.de\/christian\/wp-content\/uploads\/2015\/09\/der_erste_6N_08.jpg\"><img loading=\"lazy\" decoding=\"async\" class=\"alignnone size-medium wp-image-3671\" src=\"https:\/\/www.vwpolo6n.de\/christian\/wp-content\/uploads\/2015\/09\/der_erste_6N_08-300x225.jpg\" alt=\"der_erste_6N_08\" width=\"300\" height=\"225\" srcset=\"https:\/\/www.vwpolo6n.de\/christian\/wp-content\/uploads\/2015\/09\/der_erste_6N_08-300x225.jpg 300w, https:\/\/www.vwpolo6n.de\/christian\/wp-content\/uploads\/2015\/09\/der_erste_6N_08.jpg 600w\" sizes=\"auto, (max-width: 300px) 100vw, 300px\" \/><\/a><\/p>\n<p>Die Schlie\u00dfungsnummer des ersten Serien Polo 6N lautet 8104, aber keinem weitersagen. \ud83d\ude09<\/p>\n<p><a href=\"https:\/\/www.vwpolo6n.de\/christian\/wp-content\/uploads\/2015\/09\/der_erste_6N_09.jpg\"><img loading=\"lazy\" decoding=\"async\" class=\"alignnone size-medium wp-image-3672\" src=\"https:\/\/www.vwpolo6n.de\/christian\/wp-content\/uploads\/2015\/09\/der_erste_6N_09-300x225.jpg\" alt=\"der_erste_6N_09\" width=\"300\" height=\"225\" srcset=\"https:\/\/www.vwpolo6n.de\/christian\/wp-content\/uploads\/2015\/09\/der_erste_6N_09-300x225.jpg 300w, https:\/\/www.vwpolo6n.de\/christian\/wp-content\/uploads\/2015\/09\/der_erste_6N_09.jpg 600w\" sizes=\"auto, (max-width: 300px) 100vw, 300px\" \/><\/a> <a href=\"https:\/\/www.vwpolo6n.de\/christian\/wp-content\/uploads\/2015\/09\/der_erste_6N_10.jpg\"><img loading=\"lazy\" decoding=\"async\" class=\"alignnone size-medium wp-image-3673\" src=\"https:\/\/www.vwpolo6n.de\/christian\/wp-content\/uploads\/2015\/09\/der_erste_6N_10-300x225.jpg\" alt=\"der_erste_6N_10\" width=\"300\" height=\"225\" srcset=\"https:\/\/www.vwpolo6n.de\/christian\/wp-content\/uploads\/2015\/09\/der_erste_6N_10-300x225.jpg 300w, https:\/\/www.vwpolo6n.de\/christian\/wp-content\/uploads\/2015\/09\/der_erste_6N_10.jpg 600w\" sizes=\"auto, (max-width: 300px) 100vw, 300px\" \/><\/a><\/p>\n<p>Da fehlt doch ein Teil, finde den Fehler.<\/p>\n<p><a href=\"https:\/\/www.vwpolo6n.de\/christian\/wp-content\/uploads\/2015\/09\/der_erste_6N_11.jpg\"><img loading=\"lazy\" decoding=\"async\" class=\"alignnone size-medium wp-image-3674\" src=\"https:\/\/www.vwpolo6n.de\/christian\/wp-content\/uploads\/2015\/09\/der_erste_6N_11-300x225.jpg\" alt=\"der_erste_6N_11\" width=\"300\" height=\"225\" srcset=\"https:\/\/www.vwpolo6n.de\/christian\/wp-content\/uploads\/2015\/09\/der_erste_6N_11-300x225.jpg 300w, https:\/\/www.vwpolo6n.de\/christian\/wp-content\/uploads\/2015\/09\/der_erste_6N_11.jpg 600w\" sizes=\"auto, (max-width: 300px) 100vw, 300px\" \/><\/a> <a href=\"https:\/\/www.vwpolo6n.de\/christian\/wp-content\/uploads\/2015\/09\/der_erste_6N_12.jpg\"><img loading=\"lazy\" decoding=\"async\" class=\"alignnone size-medium wp-image-3675\" src=\"https:\/\/www.vwpolo6n.de\/christian\/wp-content\/uploads\/2015\/09\/der_erste_6N_12-300x225.jpg\" alt=\"der_erste_6N_12\" width=\"300\" height=\"225\" srcset=\"https:\/\/www.vwpolo6n.de\/christian\/wp-content\/uploads\/2015\/09\/der_erste_6N_12-300x225.jpg 300w, https:\/\/www.vwpolo6n.de\/christian\/wp-content\/uploads\/2015\/09\/der_erste_6N_12.jpg 600w\" sizes=\"auto, (max-width: 300px) 100vw, 300px\" \/><\/a> <a href=\"https:\/\/www.vwpolo6n.de\/christian\/wp-content\/uploads\/2015\/09\/der_erste_6N_13.jpg\"><img loading=\"lazy\" decoding=\"async\" class=\"alignnone size-medium wp-image-3676\" src=\"https:\/\/www.vwpolo6n.de\/christian\/wp-content\/uploads\/2015\/09\/der_erste_6N_13-300x225.jpg\" alt=\"der_erste_6N_13\" width=\"300\" height=\"225\" srcset=\"https:\/\/www.vwpolo6n.de\/christian\/wp-content\/uploads\/2015\/09\/der_erste_6N_13-300x225.jpg 300w, https:\/\/www.vwpolo6n.de\/christian\/wp-content\/uploads\/2015\/09\/der_erste_6N_13.jpg 600w\" sizes=\"auto, (max-width: 300px) 100vw, 300px\" \/><\/a> <a href=\"https:\/\/www.vwpolo6n.de\/christian\/wp-content\/uploads\/2015\/09\/der_erste_6N_14.jpg\"><img loading=\"lazy\" decoding=\"async\" class=\"alignnone size-medium wp-image-3677\" src=\"https:\/\/www.vwpolo6n.de\/christian\/wp-content\/uploads\/2015\/09\/der_erste_6N_14-300x225.jpg\" alt=\"der_erste_6N_14\" width=\"300\" height=\"225\" srcset=\"https:\/\/www.vwpolo6n.de\/christian\/wp-content\/uploads\/2015\/09\/der_erste_6N_14-300x225.jpg 300w, https:\/\/www.vwpolo6n.de\/christian\/wp-content\/uploads\/2015\/09\/der_erste_6N_14.jpg 600w\" sizes=\"auto, (max-width: 300px) 100vw, 300px\" \/><\/a><\/p>\n<p>Die Abrisskante kam ja erst 1996.<\/p>\n<p><a href=\"https:\/\/www.vwpolo6n.de\/christian\/wp-content\/uploads\/2015\/09\/der_erste_6N_15.jpg\"><img loading=\"lazy\" decoding=\"async\" class=\"alignnone size-medium wp-image-3678\" src=\"https:\/\/www.vwpolo6n.de\/christian\/wp-content\/uploads\/2015\/09\/der_erste_6N_15-300x225.jpg\" alt=\"der_erste_6N_15\" width=\"300\" height=\"225\" srcset=\"https:\/\/www.vwpolo6n.de\/christian\/wp-content\/uploads\/2015\/09\/der_erste_6N_15-300x225.jpg 300w, https:\/\/www.vwpolo6n.de\/christian\/wp-content\/uploads\/2015\/09\/der_erste_6N_15.jpg 600w\" sizes=\"auto, (max-width: 300px) 100vw, 300px\" \/><\/a> <a href=\"https:\/\/www.vwpolo6n.de\/christian\/wp-content\/uploads\/2015\/09\/der_erste_6N_16.jpg\"><img loading=\"lazy\" decoding=\"async\" class=\"alignnone size-medium wp-image-3679\" src=\"https:\/\/www.vwpolo6n.de\/christian\/wp-content\/uploads\/2015\/09\/der_erste_6N_16-300x225.jpg\" alt=\"der_erste_6N_16\" width=\"300\" height=\"225\" srcset=\"https:\/\/www.vwpolo6n.de\/christian\/wp-content\/uploads\/2015\/09\/der_erste_6N_16-300x225.jpg 300w, https:\/\/www.vwpolo6n.de\/christian\/wp-content\/uploads\/2015\/09\/der_erste_6N_16.jpg 600w\" sizes=\"auto, (max-width: 300px) 100vw, 300px\" \/><\/a> <a href=\"https:\/\/www.vwpolo6n.de\/christian\/wp-content\/uploads\/2015\/09\/der_erste_6N_17.jpg\"><img loading=\"lazy\" decoding=\"async\" class=\"alignnone size-medium wp-image-3680\" src=\"https:\/\/www.vwpolo6n.de\/christian\/wp-content\/uploads\/2015\/09\/der_erste_6N_17-300x225.jpg\" alt=\"der_erste_6N_17\" width=\"300\" height=\"225\" srcset=\"https:\/\/www.vwpolo6n.de\/christian\/wp-content\/uploads\/2015\/09\/der_erste_6N_17-300x225.jpg 300w, https:\/\/www.vwpolo6n.de\/christian\/wp-content\/uploads\/2015\/09\/der_erste_6N_17.jpg 600w\" sizes=\"auto, (max-width: 300px) 100vw, 300px\" \/><\/a> <a href=\"https:\/\/www.vwpolo6n.de\/christian\/wp-content\/uploads\/2015\/09\/der_erste_6N_18.jpg\"><img loading=\"lazy\" decoding=\"async\" class=\"alignnone size-medium wp-image-3681\" src=\"https:\/\/www.vwpolo6n.de\/christian\/wp-content\/uploads\/2015\/09\/der_erste_6N_18-300x225.jpg\" alt=\"der_erste_6N_18\" width=\"300\" height=\"225\" srcset=\"https:\/\/www.vwpolo6n.de\/christian\/wp-content\/uploads\/2015\/09\/der_erste_6N_18-300x225.jpg 300w, https:\/\/www.vwpolo6n.de\/christian\/wp-content\/uploads\/2015\/09\/der_erste_6N_18.jpg 600w\" sizes=\"auto, (max-width: 300px) 100vw, 300px\" \/><\/a> <a href=\"https:\/\/www.vwpolo6n.de\/christian\/wp-content\/uploads\/2015\/09\/der_erste_6N_19.jpg\"><img loading=\"lazy\" decoding=\"async\" class=\"alignnone size-medium wp-image-3682\" src=\"https:\/\/www.vwpolo6n.de\/christian\/wp-content\/uploads\/2015\/09\/der_erste_6N_19-300x225.jpg\" alt=\"der_erste_6N_19\" width=\"300\" height=\"225\" srcset=\"https:\/\/www.vwpolo6n.de\/christian\/wp-content\/uploads\/2015\/09\/der_erste_6N_19-300x225.jpg 300w, https:\/\/www.vwpolo6n.de\/christian\/wp-content\/uploads\/2015\/09\/der_erste_6N_19.jpg 600w\" sizes=\"auto, (max-width: 300px) 100vw, 300px\" \/><\/a> <a href=\"https:\/\/www.vwpolo6n.de\/christian\/wp-content\/uploads\/2015\/09\/der_erste_6N_20.jpg\"><img loading=\"lazy\" decoding=\"async\" class=\"alignnone size-medium wp-image-3683\" src=\"https:\/\/www.vwpolo6n.de\/christian\/wp-content\/uploads\/2015\/09\/der_erste_6N_20-300x225.jpg\" alt=\"der_erste_6N_20\" width=\"300\" height=\"225\" srcset=\"https:\/\/www.vwpolo6n.de\/christian\/wp-content\/uploads\/2015\/09\/der_erste_6N_20-300x225.jpg 300w, https:\/\/www.vwpolo6n.de\/christian\/wp-content\/uploads\/2015\/09\/der_erste_6N_20.jpg 600w\" sizes=\"auto, (max-width: 300px) 100vw, 300px\" \/><\/a> <a href=\"https:\/\/www.vwpolo6n.de\/christian\/wp-content\/uploads\/2015\/09\/der_erste_6N_21.jpg\"><img loading=\"lazy\" decoding=\"async\" class=\"alignnone size-medium wp-image-3684\" src=\"https:\/\/www.vwpolo6n.de\/christian\/wp-content\/uploads\/2015\/09\/der_erste_6N_21-300x225.jpg\" alt=\"der_erste_6N_21\" width=\"300\" height=\"225\" srcset=\"https:\/\/www.vwpolo6n.de\/christian\/wp-content\/uploads\/2015\/09\/der_erste_6N_21-300x225.jpg 300w, https:\/\/www.vwpolo6n.de\/christian\/wp-content\/uploads\/2015\/09\/der_erste_6N_21.jpg 600w\" sizes=\"auto, (max-width: 300px) 100vw, 300px\" \/><\/a> <a href=\"https:\/\/www.vwpolo6n.de\/christian\/wp-content\/uploads\/2015\/09\/der_erste_6N_22.jpg\"><img loading=\"lazy\" decoding=\"async\" class=\"alignnone size-medium wp-image-3685\" src=\"https:\/\/www.vwpolo6n.de\/christian\/wp-content\/uploads\/2015\/09\/der_erste_6N_22-300x225.jpg\" alt=\"der_erste_6N_22\" width=\"300\" height=\"225\" srcset=\"https:\/\/www.vwpolo6n.de\/christian\/wp-content\/uploads\/2015\/09\/der_erste_6N_22-300x225.jpg 300w, https:\/\/www.vwpolo6n.de\/christian\/wp-content\/uploads\/2015\/09\/der_erste_6N_22.jpg 600w\" sizes=\"auto, (max-width: 300px) 100vw, 300px\" \/><\/a><\/p>\n<p>Die Werksreifen von 1994.<\/p>\n<p><a href=\"https:\/\/www.vwpolo6n.de\/christian\/wp-content\/uploads\/2015\/09\/der_erste_6N_23.jpg\"><img loading=\"lazy\" decoding=\"async\" class=\"alignnone size-medium wp-image-3686\" src=\"https:\/\/www.vwpolo6n.de\/christian\/wp-content\/uploads\/2015\/09\/der_erste_6N_23-300x225.jpg\" alt=\"der_erste_6N_23\" width=\"300\" height=\"225\" srcset=\"https:\/\/www.vwpolo6n.de\/christian\/wp-content\/uploads\/2015\/09\/der_erste_6N_23-300x225.jpg 300w, https:\/\/www.vwpolo6n.de\/christian\/wp-content\/uploads\/2015\/09\/der_erste_6N_23.jpg 600w\" sizes=\"auto, (max-width: 300px) 100vw, 300px\" \/><\/a> <a href=\"https:\/\/www.vwpolo6n.de\/christian\/wp-content\/uploads\/2015\/09\/der_erste_6N_24.jpg\"><img loading=\"lazy\" decoding=\"async\" class=\"alignnone size-medium wp-image-3687\" src=\"https:\/\/www.vwpolo6n.de\/christian\/wp-content\/uploads\/2015\/09\/der_erste_6N_24-300x225.jpg\" alt=\"der_erste_6N_24\" width=\"300\" height=\"225\" srcset=\"https:\/\/www.vwpolo6n.de\/christian\/wp-content\/uploads\/2015\/09\/der_erste_6N_24-300x225.jpg 300w, https:\/\/www.vwpolo6n.de\/christian\/wp-content\/uploads\/2015\/09\/der_erste_6N_24.jpg 600w\" sizes=\"auto, (max-width: 300px) 100vw, 300px\" \/><\/a><\/p>\n<p>Die D\u00e4mmmatte serienm\u00e4\u00dfig im 8V Benziner\u00a0war mir so auch noch nicht bekannt.<\/p>\n<p><a href=\"https:\/\/www.vwpolo6n.de\/christian\/wp-content\/uploads\/2015\/09\/der_erste_6N_25.jpg\"><img loading=\"lazy\" decoding=\"async\" class=\"alignnone size-medium wp-image-3688\" src=\"https:\/\/www.vwpolo6n.de\/christian\/wp-content\/uploads\/2015\/09\/der_erste_6N_25-300x225.jpg\" alt=\"der_erste_6N_25\" width=\"300\" height=\"225\" srcset=\"https:\/\/www.vwpolo6n.de\/christian\/wp-content\/uploads\/2015\/09\/der_erste_6N_25-300x225.jpg 300w, https:\/\/www.vwpolo6n.de\/christian\/wp-content\/uploads\/2015\/09\/der_erste_6N_25.jpg 600w\" sizes=\"auto, (max-width: 300px) 100vw, 300px\" \/><\/a> <a href=\"https:\/\/www.vwpolo6n.de\/christian\/wp-content\/uploads\/2015\/09\/der_erste_6N_26.jpg\"><img loading=\"lazy\" decoding=\"async\" class=\"alignnone size-medium wp-image-3689\" src=\"https:\/\/www.vwpolo6n.de\/christian\/wp-content\/uploads\/2015\/09\/der_erste_6N_26-300x225.jpg\" alt=\"der_erste_6N_26\" width=\"300\" height=\"225\" srcset=\"https:\/\/www.vwpolo6n.de\/christian\/wp-content\/uploads\/2015\/09\/der_erste_6N_26-300x225.jpg 300w, https:\/\/www.vwpolo6n.de\/christian\/wp-content\/uploads\/2015\/09\/der_erste_6N_26.jpg 600w\" sizes=\"auto, (max-width: 300px) 100vw, 300px\" \/><\/a><\/p>\n<p>Der Motor ist der 1,6er AEA.<br \/>\nDieser Polo hat weder eine Klimaanlage, noch\u00a0ABS.<\/p>\n<p><a href=\"https:\/\/www.vwpolo6n.de\/christian\/wp-content\/uploads\/2015\/09\/der_erste_6N_27.jpg\"><img loading=\"lazy\" decoding=\"async\" class=\"alignnone size-medium wp-image-3690\" src=\"https:\/\/www.vwpolo6n.de\/christian\/wp-content\/uploads\/2015\/09\/der_erste_6N_27-300x225.jpg\" alt=\"der_erste_6N_27\" width=\"300\" height=\"225\" srcset=\"https:\/\/www.vwpolo6n.de\/christian\/wp-content\/uploads\/2015\/09\/der_erste_6N_27-300x225.jpg 300w, https:\/\/www.vwpolo6n.de\/christian\/wp-content\/uploads\/2015\/09\/der_erste_6N_27.jpg 600w\" sizes=\"auto, (max-width: 300px) 100vw, 300px\" \/><\/a> <a href=\"https:\/\/www.vwpolo6n.de\/christian\/wp-content\/uploads\/2015\/09\/der_erste_6N_28.jpg\"><img loading=\"lazy\" decoding=\"async\" class=\"alignnone size-medium wp-image-3691\" src=\"https:\/\/www.vwpolo6n.de\/christian\/wp-content\/uploads\/2015\/09\/der_erste_6N_28-300x225.jpg\" alt=\"der_erste_6N_28\" width=\"300\" height=\"225\" srcset=\"https:\/\/www.vwpolo6n.de\/christian\/wp-content\/uploads\/2015\/09\/der_erste_6N_28-300x225.jpg 300w, https:\/\/www.vwpolo6n.de\/christian\/wp-content\/uploads\/2015\/09\/der_erste_6N_28.jpg 600w\" sizes=\"auto, (max-width: 300px) 100vw, 300px\" \/><\/a> <a href=\"https:\/\/www.vwpolo6n.de\/christian\/wp-content\/uploads\/2015\/09\/der_erste_6N_29.jpg\"><img loading=\"lazy\" decoding=\"async\" class=\"alignnone size-medium wp-image-3692\" src=\"https:\/\/www.vwpolo6n.de\/christian\/wp-content\/uploads\/2015\/09\/der_erste_6N_29-300x225.jpg\" alt=\"der_erste_6N_29\" width=\"300\" height=\"225\" srcset=\"https:\/\/www.vwpolo6n.de\/christian\/wp-content\/uploads\/2015\/09\/der_erste_6N_29-300x225.jpg 300w, https:\/\/www.vwpolo6n.de\/christian\/wp-content\/uploads\/2015\/09\/der_erste_6N_29.jpg 600w\" sizes=\"auto, (max-width: 300px) 100vw, 300px\" \/><\/a> <a href=\"https:\/\/www.vwpolo6n.de\/christian\/wp-content\/uploads\/2015\/09\/der_erste_6N_30.jpg\"><img loading=\"lazy\" decoding=\"async\" class=\"alignnone size-medium wp-image-3693\" src=\"https:\/\/www.vwpolo6n.de\/christian\/wp-content\/uploads\/2015\/09\/der_erste_6N_30-300x225.jpg\" alt=\"der_erste_6N_30\" width=\"300\" height=\"225\" srcset=\"https:\/\/www.vwpolo6n.de\/christian\/wp-content\/uploads\/2015\/09\/der_erste_6N_30-300x225.jpg 300w, https:\/\/www.vwpolo6n.de\/christian\/wp-content\/uploads\/2015\/09\/der_erste_6N_30.jpg 600w\" sizes=\"auto, (max-width: 300px) 100vw, 300px\" \/><\/a><\/p>\n<p>Schwarze Scheinwerfergeh\u00e4use.<\/p>\n<p><a href=\"https:\/\/www.vwpolo6n.de\/christian\/wp-content\/uploads\/2015\/09\/der_erste_6N_31.jpg\"><img loading=\"lazy\" decoding=\"async\" class=\"alignnone size-medium wp-image-3694\" src=\"https:\/\/www.vwpolo6n.de\/christian\/wp-content\/uploads\/2015\/09\/der_erste_6N_31-300x225.jpg\" alt=\"der_erste_6N_31\" width=\"300\" height=\"225\" srcset=\"https:\/\/www.vwpolo6n.de\/christian\/wp-content\/uploads\/2015\/09\/der_erste_6N_31-300x225.jpg 300w, https:\/\/www.vwpolo6n.de\/christian\/wp-content\/uploads\/2015\/09\/der_erste_6N_31.jpg 600w\" sizes=\"auto, (max-width: 300px) 100vw, 300px\" \/><\/a> <a href=\"https:\/\/www.vwpolo6n.de\/christian\/wp-content\/uploads\/2015\/09\/der_erste_6N_32.jpg\"><img loading=\"lazy\" decoding=\"async\" class=\"alignnone size-medium wp-image-3695\" src=\"https:\/\/www.vwpolo6n.de\/christian\/wp-content\/uploads\/2015\/09\/der_erste_6N_32-300x225.jpg\" alt=\"der_erste_6N_32\" width=\"300\" height=\"225\" srcset=\"https:\/\/www.vwpolo6n.de\/christian\/wp-content\/uploads\/2015\/09\/der_erste_6N_32-300x225.jpg 300w, https:\/\/www.vwpolo6n.de\/christian\/wp-content\/uploads\/2015\/09\/der_erste_6N_32.jpg 600w\" sizes=\"auto, (max-width: 300px) 100vw, 300px\" \/><\/a><\/p>\n<p>Seltsam, ein Radio &#8222;alpha&#8220;, aber Lautsprecher in den T\u00fcren wie beim Radio &#8222;beta&#8220;.<\/p>\n<p><a href=\"https:\/\/www.vwpolo6n.de\/christian\/wp-content\/uploads\/2015\/09\/der_erste_6N_33.jpg\"><img loading=\"lazy\" decoding=\"async\" class=\"alignnone size-medium wp-image-3696\" src=\"https:\/\/www.vwpolo6n.de\/christian\/wp-content\/uploads\/2015\/09\/der_erste_6N_33-300x225.jpg\" alt=\"der_erste_6N_33\" width=\"300\" height=\"225\" srcset=\"https:\/\/www.vwpolo6n.de\/christian\/wp-content\/uploads\/2015\/09\/der_erste_6N_33-300x225.jpg 300w, https:\/\/www.vwpolo6n.de\/christian\/wp-content\/uploads\/2015\/09\/der_erste_6N_33.jpg 600w\" sizes=\"auto, (max-width: 300px) 100vw, 300px\" \/><\/a> <a href=\"https:\/\/www.vwpolo6n.de\/christian\/wp-content\/uploads\/2015\/09\/der_erste_6N_34.jpg\"><img loading=\"lazy\" decoding=\"async\" class=\"alignnone size-medium wp-image-3697\" src=\"https:\/\/www.vwpolo6n.de\/christian\/wp-content\/uploads\/2015\/09\/der_erste_6N_34-300x225.jpg\" alt=\"der_erste_6N_34\" width=\"300\" height=\"225\" srcset=\"https:\/\/www.vwpolo6n.de\/christian\/wp-content\/uploads\/2015\/09\/der_erste_6N_34-300x225.jpg 300w, https:\/\/www.vwpolo6n.de\/christian\/wp-content\/uploads\/2015\/09\/der_erste_6N_34.jpg 600w\" sizes=\"auto, (max-width: 300px) 100vw, 300px\" \/><\/a><\/p>\n<p>Der Geruch nach dem T\u00fcr\u00f6ffnen ist exakt der Neuwagengeruch der mir 1996 aus meinem eigenen\u00a0neuen 6N\u00a0entgegen kam.<br \/>\nEs sind zwar nur Ausd\u00fcnstungen von Kunststoffen, aber dieser Geruch ist irgendwie einmalig.<\/p>\n<p><a href=\"https:\/\/www.vwpolo6n.de\/christian\/wp-content\/uploads\/2015\/09\/der_erste_6N_35.jpg\"><img loading=\"lazy\" decoding=\"async\" class=\"alignnone size-medium wp-image-3698\" src=\"https:\/\/www.vwpolo6n.de\/christian\/wp-content\/uploads\/2015\/09\/der_erste_6N_35-300x225.jpg\" alt=\"der_erste_6N_35\" width=\"300\" height=\"225\" srcset=\"https:\/\/www.vwpolo6n.de\/christian\/wp-content\/uploads\/2015\/09\/der_erste_6N_35-300x225.jpg 300w, https:\/\/www.vwpolo6n.de\/christian\/wp-content\/uploads\/2015\/09\/der_erste_6N_35.jpg 600w\" sizes=\"auto, (max-width: 300px) 100vw, 300px\" \/><\/a> <a href=\"https:\/\/www.vwpolo6n.de\/christian\/wp-content\/uploads\/2015\/09\/der_erste_6N_36.jpg\"><img loading=\"lazy\" decoding=\"async\" class=\"alignnone size-medium wp-image-3699\" src=\"https:\/\/www.vwpolo6n.de\/christian\/wp-content\/uploads\/2015\/09\/der_erste_6N_36-300x225.jpg\" alt=\"der_erste_6N_36\" width=\"300\" height=\"225\" srcset=\"https:\/\/www.vwpolo6n.de\/christian\/wp-content\/uploads\/2015\/09\/der_erste_6N_36-300x225.jpg 300w, https:\/\/www.vwpolo6n.de\/christian\/wp-content\/uploads\/2015\/09\/der_erste_6N_36.jpg 600w\" sizes=\"auto, (max-width: 300px) 100vw, 300px\" \/><\/a> <a href=\"https:\/\/www.vwpolo6n.de\/christian\/wp-content\/uploads\/2015\/09\/der_erste_6N_37.jpg\"><img loading=\"lazy\" decoding=\"async\" class=\"alignnone size-medium wp-image-3700\" src=\"https:\/\/www.vwpolo6n.de\/christian\/wp-content\/uploads\/2015\/09\/der_erste_6N_37-300x225.jpg\" alt=\"der_erste_6N_37\" width=\"300\" height=\"225\" srcset=\"https:\/\/www.vwpolo6n.de\/christian\/wp-content\/uploads\/2015\/09\/der_erste_6N_37-300x225.jpg 300w, https:\/\/www.vwpolo6n.de\/christian\/wp-content\/uploads\/2015\/09\/der_erste_6N_37.jpg 600w\" sizes=\"auto, (max-width: 300px) 100vw, 300px\" \/><\/a> <a href=\"https:\/\/www.vwpolo6n.de\/christian\/wp-content\/uploads\/2015\/09\/der_erste_6N_38.jpg\"><img loading=\"lazy\" decoding=\"async\" class=\"alignnone size-medium wp-image-3701\" src=\"https:\/\/www.vwpolo6n.de\/christian\/wp-content\/uploads\/2015\/09\/der_erste_6N_38-300x225.jpg\" alt=\"der_erste_6N_38\" width=\"300\" height=\"225\" srcset=\"https:\/\/www.vwpolo6n.de\/christian\/wp-content\/uploads\/2015\/09\/der_erste_6N_38-300x225.jpg 300w, https:\/\/www.vwpolo6n.de\/christian\/wp-content\/uploads\/2015\/09\/der_erste_6N_38.jpg 600w\" sizes=\"auto, (max-width: 300px) 100vw, 300px\" \/><\/a> <a href=\"https:\/\/www.vwpolo6n.de\/christian\/wp-content\/uploads\/2015\/09\/der_erste_6N_39.jpg\"><img loading=\"lazy\" decoding=\"async\" class=\"alignnone size-medium wp-image-3702\" src=\"https:\/\/www.vwpolo6n.de\/christian\/wp-content\/uploads\/2015\/09\/der_erste_6N_39-300x225.jpg\" alt=\"der_erste_6N_39\" width=\"300\" height=\"225\" srcset=\"https:\/\/www.vwpolo6n.de\/christian\/wp-content\/uploads\/2015\/09\/der_erste_6N_39-300x225.jpg 300w, https:\/\/www.vwpolo6n.de\/christian\/wp-content\/uploads\/2015\/09\/der_erste_6N_39.jpg 600w\" sizes=\"auto, (max-width: 300px) 100vw, 300px\" \/><\/a> <a href=\"https:\/\/www.vwpolo6n.de\/christian\/wp-content\/uploads\/2015\/09\/der_erste_6N_40.jpg\"><img loading=\"lazy\" decoding=\"async\" class=\"alignnone size-medium wp-image-3703\" src=\"https:\/\/www.vwpolo6n.de\/christian\/wp-content\/uploads\/2015\/09\/der_erste_6N_40-300x225.jpg\" alt=\"der_erste_6N_40\" width=\"300\" height=\"225\" srcset=\"https:\/\/www.vwpolo6n.de\/christian\/wp-content\/uploads\/2015\/09\/der_erste_6N_40-300x225.jpg 300w, https:\/\/www.vwpolo6n.de\/christian\/wp-content\/uploads\/2015\/09\/der_erste_6N_40.jpg 600w\" sizes=\"auto, (max-width: 300px) 100vw, 300px\" \/><\/a><a href=\"https:\/\/www.vwpolo6n.de\/christian\/wp-content\/uploads\/2015\/09\/der_erste_6N_41.jpg\"><img loading=\"lazy\" decoding=\"async\" class=\"alignnone size-medium wp-image-3704\" src=\"https:\/\/www.vwpolo6n.de\/christian\/wp-content\/uploads\/2015\/09\/der_erste_6N_41-300x225.jpg\" alt=\"der_erste_6N_41\" width=\"300\" height=\"225\" srcset=\"https:\/\/www.vwpolo6n.de\/christian\/wp-content\/uploads\/2015\/09\/der_erste_6N_41-300x225.jpg 300w, https:\/\/www.vwpolo6n.de\/christian\/wp-content\/uploads\/2015\/09\/der_erste_6N_41.jpg 600w\" sizes=\"auto, (max-width: 300px) 100vw, 300px\" \/><\/a> <a href=\"https:\/\/www.vwpolo6n.de\/christian\/wp-content\/uploads\/2015\/09\/der_erste_6N_42.jpg\"><img loading=\"lazy\" decoding=\"async\" class=\"alignnone size-medium wp-image-3705\" src=\"https:\/\/www.vwpolo6n.de\/christian\/wp-content\/uploads\/2015\/09\/der_erste_6N_42-300x225.jpg\" alt=\"der_erste_6N_42\" width=\"300\" height=\"225\" srcset=\"https:\/\/www.vwpolo6n.de\/christian\/wp-content\/uploads\/2015\/09\/der_erste_6N_42-300x225.jpg 300w, https:\/\/www.vwpolo6n.de\/christian\/wp-content\/uploads\/2015\/09\/der_erste_6N_42.jpg 600w\" sizes=\"auto, (max-width: 300px) 100vw, 300px\" \/><\/a> <a href=\"https:\/\/www.vwpolo6n.de\/christian\/wp-content\/uploads\/2015\/09\/der_erste_6N_43.jpg\"><img loading=\"lazy\" decoding=\"async\" class=\"alignnone size-medium wp-image-3706\" src=\"https:\/\/www.vwpolo6n.de\/christian\/wp-content\/uploads\/2015\/09\/der_erste_6N_43-300x225.jpg\" alt=\"der_erste_6N_43\" width=\"300\" height=\"225\" srcset=\"https:\/\/www.vwpolo6n.de\/christian\/wp-content\/uploads\/2015\/09\/der_erste_6N_43-300x225.jpg 300w, https:\/\/www.vwpolo6n.de\/christian\/wp-content\/uploads\/2015\/09\/der_erste_6N_43.jpg 600w\" sizes=\"auto, (max-width: 300px) 100vw, 300px\" \/><\/a> <a href=\"https:\/\/www.vwpolo6n.de\/christian\/wp-content\/uploads\/2015\/09\/der_erste_6N_44.jpg\"><img loading=\"lazy\" decoding=\"async\" class=\"alignnone size-medium wp-image-3707\" src=\"https:\/\/www.vwpolo6n.de\/christian\/wp-content\/uploads\/2015\/09\/der_erste_6N_44-300x225.jpg\" alt=\"der_erste_6N_44\" width=\"300\" height=\"225\" srcset=\"https:\/\/www.vwpolo6n.de\/christian\/wp-content\/uploads\/2015\/09\/der_erste_6N_44-300x225.jpg 300w, https:\/\/www.vwpolo6n.de\/christian\/wp-content\/uploads\/2015\/09\/der_erste_6N_44.jpg 600w\" sizes=\"auto, (max-width: 300px) 100vw, 300px\" \/><\/a><\/p>\n<p>Der Zustand des Polos ist sehr gut, eben original wie vor \u00fcber 20 Jahren.<br \/>\nEin Einsatz im vorderen Sto\u00dff\u00e4nger fehlt, und die T\u00fcrpinne sehen anders aus als die sp\u00e4teren in Serie verbauten.<br \/>\nAnsonsten w\u00fcrde ich ihn glatt so nehmen wie er da steht.<\/p>\n<p>&nbsp;<\/p>\n","protected":false},"excerpt":{"rendered":"<p>August 2015. Im VW Museum in Wolfsburg steht der erste Serien-Polo 6N von 1994 mit der Fahrgestellnummer 000001, gebaut im Werk\u00a0in Spanien:\/\/Navarra\/Pamplona. Mir bot sich die einmalige Gelegenheit einen exklusiven Blick in das Fahrzeug nehmen zu k\u00f6nnen. Die Schlie\u00dfungsnummer des ersten Serien Polo 6N lautet 8104, aber keinem weitersagen. \ud83d\ude09 Da fehlt doch ein Teil, [&hellip;]<\/p>\n","protected":false},"author":2,"featured_media":0,"comment_status":"closed","ping_status":"open","sticky":false,"template":"","format":"standard","meta":{"footnotes":""},"categories":[1,10,6,3],"tags":[13,12],"class_list":["post-3663","post","type-post","status-publish","format-standard","hentry","category-allgemein","category-fremdpolos","category-krimskrams","category-treffen","tag-erster-polo-6n","tag-vw-museum"],"_links":{"self":[{"href":"https:\/\/www.vwpolo6n.de\/christian\/wp-json\/wp\/v2\/posts\/3663","targetHints":{"allow":["GET"]}}],"collection":[{"href":"https:\/\/www.vwpolo6n.de\/christian\/wp-json\/wp\/v2\/posts"}],"about":[{"href":"https:\/\/www.vwpolo6n.de\/christian\/wp-json\/wp\/v2\/types\/post"}],"author":[{"embeddable":true,"href":"https:\/\/www.vwpolo6n.de\/christian\/wp-json\/wp\/v2\/users\/2"}],"replies":[{"embeddable":true,"href":"https:\/\/www.vwpolo6n.de\/christian\/wp-json\/wp\/v2\/comments?post=3663"}],"version-history":[{"count":7,"href":"https:\/\/www.vwpolo6n.de\/christian\/wp-json\/wp\/v2\/posts\/3663\/revisions"}],"predecessor-version":[{"id":3795,"href":"https:\/\/www.vwpolo6n.de\/christian\/wp-json\/wp\/v2\/posts\/3663\/revisions\/3795"}],"wp:attachment":[{"href":"https:\/\/www.vwpolo6n.de\/christian\/wp-json\/wp\/v2\/media?parent=3663"}],"wp:term":[{"taxonomy":"category","embeddable":true,"href":"https:\/\/www.vwpolo6n.de\/christian\/wp-json\/wp\/v2\/categories?post=3663"},{"taxonomy":"post_tag","embeddable":true,"href":"https:\/\/www.vwpolo6n.de\/christian\/wp-json\/wp\/v2\/tags?post=3663"}],"curies":[{"name":"wp","href":"https:\/\/api.w.org\/{rel}","templated":true}]}}