{"id":4555,"date":"2015-12-27T18:11:32","date_gmt":"2015-12-27T16:11:32","guid":{"rendered":"http:\/\/www.vwpolo6n.de\/christian\/?p=4555"},"modified":"2016-12-28T20:16:37","modified_gmt":"2016-12-28T18:16:37","slug":"video-vw-treffen-neuwied-1999","status":"publish","type":"post","link":"https:\/\/www.vwpolo6n.de\/christian\/2015\/12\/27\/video-vw-treffen-neuwied-1999\/","title":{"rendered":"Video VW Treffen Neuwied 1999"},"content":{"rendered":"<p>Dezember 2015.<\/p>\n<p>Es ist soweit.<br \/>\nNachdem ich mir jahrelang vorgenommen hatte, meine alten VHS und VHS-C Kassetten mit selbst gedrehten und von Poloclubkollegen gedrehten Treffenvideos zu digitalisieren, fand ich nun die Zeit daf\u00fcr.<br \/>\nNoch rechtzeitig vor dem kompletten Verfall des Magnetbandmaterials.<\/p>\n<p>Hier nun das erste einer ganzen Reihe von\u00a0Treffenvideos\u00a0vom Ende des\u00a0letzten und Anfang dieses Jahrtausends.<br \/>\nDas VW Treffen vom VW-Club MYK e.V. in Neuwied 1999.<\/p>\n<p>Das PDTE (Polo Derby Team-Essen) war mit mehreren Fahrzeugen anwesend.<\/p>\n<p>Aufgenommen von mir auf VHS-C, hier nun\u00a0digital konserviert\u00a0als mp4 mit rund 150 MB Dateigr\u00f6\u00dfe.<br \/>\nIch pers\u00f6nlich empfehle die Betrachtung in Originalgr\u00f6\u00dfe 720&#215;576 statt im Vollbildmodus.<\/p>\n\t<video id=\"wp_mep_1\" src=\"http:\/\/vwpolo6n.de\/christian\/wp-content\/uploads\/2015\/12\/neuwied1999_video.mp4\"  width=\"720\" height=\"576\"  controls=\"controls\" preload=\"none\"  >\r\n\t\t\r\n\t\t\r\n\t\t\r\n\t\t\r\n\t\t\r\n\t\t\r\n\t\t\r\n\t<\/video>\r\n<script type=\"text\/javascript\">\r\njQuery(document).ready(function($) {\r\n\t$('#wp_mep_1').mediaelementplayer({\r\n\t\tm:1\r\n\t\t\r\n\t\t,features: ['playpause','current','progress','duration','volume','tracks','fullscreen']\r\n\t\t\r\n\t});\r\n});\r\n<\/script>\r\n\n","protected":false},"excerpt":{"rendered":"<p>Dezember 2015. Es ist soweit. Nachdem ich mir jahrelang vorgenommen hatte, meine alten VHS und VHS-C Kassetten mit selbst gedrehten und von Poloclubkollegen gedrehten Treffenvideos zu digitalisieren, fand ich nun die Zeit daf\u00fcr. Noch rechtzeitig vor dem kompletten Verfall des Magnetbandmaterials. Hier nun das erste einer ganzen Reihe von\u00a0Treffenvideos\u00a0vom Ende des\u00a0letzten und Anfang dieses Jahrtausends. [&hellip;]<\/p>\n","protected":false},"author":2,"featured_media":0,"comment_status":"closed","ping_status":"open","sticky":false,"template":"","format":"standard","meta":{"footnotes":""},"categories":[1,3],"tags":[28,50,27],"class_list":["post-4555","post","type-post","status-publish","format-standard","hentry","category-allgemein","category-treffen","tag-neuwied","tag-treffen","tag-video"],"_links":{"self":[{"href":"https:\/\/www.vwpolo6n.de\/christian\/wp-json\/wp\/v2\/posts\/4555","targetHints":{"allow":["GET"]}}],"collection":[{"href":"https:\/\/www.vwpolo6n.de\/christian\/wp-json\/wp\/v2\/posts"}],"about":[{"href":"https:\/\/www.vwpolo6n.de\/christian\/wp-json\/wp\/v2\/types\/post"}],"author":[{"embeddable":true,"href":"https:\/\/www.vwpolo6n.de\/christian\/wp-json\/wp\/v2\/users\/2"}],"replies":[{"embeddable":true,"href":"https:\/\/www.vwpolo6n.de\/christian\/wp-json\/wp\/v2\/comments?post=4555"}],"version-history":[{"count":9,"href":"https:\/\/www.vwpolo6n.de\/christian\/wp-json\/wp\/v2\/posts\/4555\/revisions"}],"predecessor-version":[{"id":4590,"href":"https:\/\/www.vwpolo6n.de\/christian\/wp-json\/wp\/v2\/posts\/4555\/revisions\/4590"}],"wp:attachment":[{"href":"https:\/\/www.vwpolo6n.de\/christian\/wp-json\/wp\/v2\/media?parent=4555"}],"wp:term":[{"taxonomy":"category","embeddable":true,"href":"https:\/\/www.vwpolo6n.de\/christian\/wp-json\/wp\/v2\/categories?post=4555"},{"taxonomy":"post_tag","embeddable":true,"href":"https:\/\/www.vwpolo6n.de\/christian\/wp-json\/wp\/v2\/tags?post=4555"}],"curies":[{"name":"wp","href":"https:\/\/api.w.org\/{rel}","templated":true}]}}