{"id":4564,"date":"2015-12-28T07:15:21","date_gmt":"2015-12-28T05:15:21","guid":{"rendered":"http:\/\/www.vwpolo6n.de\/christian\/?p=4564"},"modified":"2016-12-28T20:14:05","modified_gmt":"2016-12-28T18:14:05","slug":"video-vw-polotreffen-minden-1999","status":"publish","type":"post","link":"https:\/\/www.vwpolo6n.de\/christian\/2015\/12\/28\/video-vw-polotreffen-minden-1999\/","title":{"rendered":"Video VW Polotreffen Minden 1999"},"content":{"rendered":"<p>Dezember 2015.<\/p>\n<p>Nun ist auch ein Video vom VW Polotreffen in\u00a0Minden 1999 online.<\/p>\n<p>Das PDTE (Polo Derby Team-Essen) war mit mehreren Fahrzeugen anwesend.<\/p>\n<p>Aufgenommen von mir auf VHS-C, hier nun digital konserviert als mp4 mit rund 140 MB Dateigr\u00f6\u00dfe.<br \/>\nIch pers\u00f6nlich empfehle die Betrachtung in Originalgr\u00f6\u00dfe 720&#215;576 statt im Vollbildmodus.<\/p>\n\t<video id=\"wp_mep_1\" src=\"http:\/\/vwpolo6n.de\/christian\/wp-content\/uploads\/2015\/12\/minden1999_video.mp4\"  width=\"720\" height=\"576\"  controls=\"controls\" preload=\"none\"  >\r\n\t\t\r\n\t\t\r\n\t\t\r\n\t\t\r\n\t\t\r\n\t\t\r\n\t\t\r\n\t<\/video>\r\n<script type=\"text\/javascript\">\r\njQuery(document).ready(function($) {\r\n\t$('#wp_mep_1').mediaelementplayer({\r\n\t\tm:1\r\n\t\t\r\n\t\t,features: ['playpause','current','progress','duration','volume','tracks','fullscreen']\r\n\t\t\r\n\t});\r\n});\r\n<\/script>\r\n\n","protected":false},"excerpt":{"rendered":"<p>Dezember 2015. Nun ist auch ein Video vom VW Polotreffen in\u00a0Minden 1999 online. Das PDTE (Polo Derby Team-Essen) war mit mehreren Fahrzeugen anwesend. Aufgenommen von mir auf VHS-C, hier nun digital konserviert als mp4 mit rund 140 MB Dateigr\u00f6\u00dfe. Ich pers\u00f6nlich empfehle die Betrachtung in Originalgr\u00f6\u00dfe 720&#215;576 statt im Vollbildmodus.<\/p>\n","protected":false},"author":2,"featured_media":0,"comment_status":"closed","ping_status":"open","sticky":false,"template":"","format":"standard","meta":{"footnotes":""},"categories":[1,3],"tags":[33,32,50,27],"class_list":["post-4564","post","type-post","status-publish","format-standard","hentry","category-allgemein","category-treffen","tag-minden","tag-polotreffen","tag-treffen","tag-video"],"_links":{"self":[{"href":"https:\/\/www.vwpolo6n.de\/christian\/wp-json\/wp\/v2\/posts\/4564","targetHints":{"allow":["GET"]}}],"collection":[{"href":"https:\/\/www.vwpolo6n.de\/christian\/wp-json\/wp\/v2\/posts"}],"about":[{"href":"https:\/\/www.vwpolo6n.de\/christian\/wp-json\/wp\/v2\/types\/post"}],"author":[{"embeddable":true,"href":"https:\/\/www.vwpolo6n.de\/christian\/wp-json\/wp\/v2\/users\/2"}],"replies":[{"embeddable":true,"href":"https:\/\/www.vwpolo6n.de\/christian\/wp-json\/wp\/v2\/comments?post=4564"}],"version-history":[{"count":4,"href":"https:\/\/www.vwpolo6n.de\/christian\/wp-json\/wp\/v2\/posts\/4564\/revisions"}],"predecessor-version":[{"id":4592,"href":"https:\/\/www.vwpolo6n.de\/christian\/wp-json\/wp\/v2\/posts\/4564\/revisions\/4592"}],"wp:attachment":[{"href":"https:\/\/www.vwpolo6n.de\/christian\/wp-json\/wp\/v2\/media?parent=4564"}],"wp:term":[{"taxonomy":"category","embeddable":true,"href":"https:\/\/www.vwpolo6n.de\/christian\/wp-json\/wp\/v2\/categories?post=4564"},{"taxonomy":"post_tag","embeddable":true,"href":"https:\/\/www.vwpolo6n.de\/christian\/wp-json\/wp\/v2\/tags?post=4564"}],"curies":[{"name":"wp","href":"https:\/\/api.w.org\/{rel}","templated":true}]}}