{"id":4576,"date":"2015-12-31T15:51:56","date_gmt":"2015-12-31T13:51:56","guid":{"rendered":"http:\/\/www.vwpolo6n.de\/christian\/?p=4576"},"modified":"2016-12-28T20:04:21","modified_gmt":"2016-12-28T18:04:21","slug":"video-motorscene-dortmund-1999","status":"publish","type":"post","link":"https:\/\/www.vwpolo6n.de\/christian\/2015\/12\/31\/video-motorscene-dortmund-1999\/","title":{"rendered":"Video MotorScene Dortmund 1999"},"content":{"rendered":"<p>Dezember 2015.<\/p>\n<p>Nun ist auch ein Video von der Motorscene 1999 online.<\/p>\n<p>Es ist nicht \u00fcberliefert, wer damals im PDTE (Polo Derby Team-Essen) die Idee zu diesem Motto hatte.<br \/>\nNun ja, der Polo hat, der Streckbank sei dank, seit dem einen gr\u00f6\u00dferen Radstand als ab Werk :-).<br \/>\nDer Typ der da auf der\u00a0Liege den Hintern &#8222;versohlt&#8220; (gestreichelt) bekommt, ist der Redakteur der &#8222;auto motor und sport&#8220; der nachher einen Bericht \u00fcber die MotorScene geschrieben hat. Siehe auch: <a href=\"https:\/\/www.vwpolo6n.de\/christian\/2013\/06\/03\/motorscene-1999-polo-sm\/\" target=\"_blank\">MotorScene 1999 \u2013 Polo SM<\/a><\/p>\n<p>Aufgenommen von mir auf VHS-C (dieses Magnetband war anscheinend bereits im Stadium des Verfalls), hier nun digital konserviert als mp4 mit rund\u00a0470\u00a0MB Dateigr\u00f6\u00dfe.<br \/>\nIch pers\u00f6nlich empfehle die Betrachtung in Originalgr\u00f6\u00dfe 720&#215;576 statt im Vollbildmodus.<\/p>\n\t<video id=\"wp_mep_1\" src=\"http:\/\/vwpolo6n.de\/christian\/wp-content\/uploads\/2015\/12\/motorscene1999_video.mp4\"  width=\"720\" height=\"576\"  controls=\"controls\" preload=\"none\"  >\r\n\t\t\r\n\t\t\r\n\t\t\r\n\t\t\r\n\t\t\r\n\t\t\r\n\t\t\r\n\t<\/video>\r\n<script type=\"text\/javascript\">\r\njQuery(document).ready(function($) {\r\n\t$('#wp_mep_1').mediaelementplayer({\r\n\t\tm:1\r\n\t\t\r\n\t\t,features: ['playpause','current','progress','duration','volume','tracks','fullscreen']\r\n\t\t\r\n\t});\r\n});\r\n<\/script>\r\n\n","protected":false},"excerpt":{"rendered":"<p>Dezember 2015. Nun ist auch ein Video von der Motorscene 1999 online. Es ist nicht \u00fcberliefert, wer damals im PDTE (Polo Derby Team-Essen) die Idee zu diesem Motto hatte. Nun ja, der Polo hat, der Streckbank sei dank, seit dem einen gr\u00f6\u00dferen Radstand als ab Werk :-). Der Typ der da auf der\u00a0Liege den Hintern [&hellip;]<\/p>\n","protected":false},"author":2,"featured_media":0,"comment_status":"closed","ping_status":"open","sticky":false,"template":"","format":"standard","meta":{"footnotes":""},"categories":[1,3],"tags":[61,60,50,27],"class_list":["post-4576","post","type-post","status-publish","format-standard","hentry","category-allgemein","category-treffen","tag-dortmund","tag-motorscene","tag-treffen","tag-video"],"_links":{"self":[{"href":"https:\/\/www.vwpolo6n.de\/christian\/wp-json\/wp\/v2\/posts\/4576","targetHints":{"allow":["GET"]}}],"collection":[{"href":"https:\/\/www.vwpolo6n.de\/christian\/wp-json\/wp\/v2\/posts"}],"about":[{"href":"https:\/\/www.vwpolo6n.de\/christian\/wp-json\/wp\/v2\/types\/post"}],"author":[{"embeddable":true,"href":"https:\/\/www.vwpolo6n.de\/christian\/wp-json\/wp\/v2\/users\/2"}],"replies":[{"embeddable":true,"href":"https:\/\/www.vwpolo6n.de\/christian\/wp-json\/wp\/v2\/comments?post=4576"}],"version-history":[{"count":5,"href":"https:\/\/www.vwpolo6n.de\/christian\/wp-json\/wp\/v2\/posts\/4576\/revisions"}],"predecessor-version":[{"id":4593,"href":"https:\/\/www.vwpolo6n.de\/christian\/wp-json\/wp\/v2\/posts\/4576\/revisions\/4593"}],"wp:attachment":[{"href":"https:\/\/www.vwpolo6n.de\/christian\/wp-json\/wp\/v2\/media?parent=4576"}],"wp:term":[{"taxonomy":"category","embeddable":true,"href":"https:\/\/www.vwpolo6n.de\/christian\/wp-json\/wp\/v2\/categories?post=4576"},{"taxonomy":"post_tag","embeddable":true,"href":"https:\/\/www.vwpolo6n.de\/christian\/wp-json\/wp\/v2\/tags?post=4576"}],"curies":[{"name":"wp","href":"https:\/\/api.w.org\/{rel}","templated":true}]}}