{"id":4614,"date":"2016-01-06T01:47:04","date_gmt":"2016-01-05T23:47:04","guid":{"rendered":"http:\/\/www.vwpolo6n.de\/christian\/?p=4614"},"modified":"2016-12-28T20:06:10","modified_gmt":"2016-12-28T18:06:10","slug":"video-polotreffen-balingen-1997","status":"publish","type":"post","link":"https:\/\/www.vwpolo6n.de\/christian\/2016\/01\/06\/video-polotreffen-balingen-1997\/","title":{"rendered":"Video Polotreffen Balingen 1997"},"content":{"rendered":"<p>Januar 2016.<\/p>\n<p>Nun ist auch ein Video vom Polotreffen Balingen 1997 online.<\/p>\n<p>Das PDTE (Polo Derby Team-Essen) war damals vor Ort.<br \/>\n<a href=\"https:\/\/www.vwpolo6n.de\/christian\/2013\/10\/29\/programmheft-polotreffen-balingen-1997\/\" target=\"_blank\">In einem anderen Blogbeitrag<\/a> ist das Programmheft zu diesem Treffen zu sehen.<\/p>\n<p>Aufgenommen von Rene auf VHS-C, hier nun digital konserviert als mp4 mit rund 630 MB Dateigr\u00f6\u00dfe.<br \/>\nIch pers\u00f6nlich empfehle die Betrachtung in Originalgr\u00f6\u00dfe 720&#215;576 statt im Vollbildmodus.<\/p>\n\t<video id=\"wp_mep_1\" src=\"http:\/\/vwpolo6n.de\/christian\/wp-content\/uploads\/2016\/01\/balingen1997_rene_video.mp4\"  width=\"720\" height=\"576\"  controls=\"controls\" preload=\"none\"  >\r\n\t\t\r\n\t\t\r\n\t\t\r\n\t\t\r\n\t\t\r\n\t\t\r\n\t\t\r\n\t<\/video>\r\n<script type=\"text\/javascript\">\r\njQuery(document).ready(function($) {\r\n\t$('#wp_mep_1').mediaelementplayer({\r\n\t\tm:1\r\n\t\t\r\n\t\t,features: ['playpause','current','progress','duration','volume','tracks','fullscreen']\r\n\t\t\r\n\t});\r\n});\r\n<\/script>\r\n\n","protected":false},"excerpt":{"rendered":"<p>Januar 2016. Nun ist auch ein Video vom Polotreffen Balingen 1997 online. Das PDTE (Polo Derby Team-Essen) war damals vor Ort. In einem anderen Blogbeitrag ist das Programmheft zu diesem Treffen zu sehen. Aufgenommen von Rene auf VHS-C, hier nun digital konserviert als mp4 mit rund 630 MB Dateigr\u00f6\u00dfe. Ich pers\u00f6nlich empfehle die Betrachtung in [&hellip;]<\/p>\n","protected":false},"author":2,"featured_media":0,"comment_status":"closed","ping_status":"open","sticky":false,"template":"","format":"standard","meta":{"footnotes":""},"categories":[1,3],"tags":[58,32,50,27],"class_list":["post-4614","post","type-post","status-publish","format-standard","hentry","category-allgemein","category-treffen","tag-balingen","tag-polotreffen","tag-treffen","tag-video"],"_links":{"self":[{"href":"https:\/\/www.vwpolo6n.de\/christian\/wp-json\/wp\/v2\/posts\/4614","targetHints":{"allow":["GET"]}}],"collection":[{"href":"https:\/\/www.vwpolo6n.de\/christian\/wp-json\/wp\/v2\/posts"}],"about":[{"href":"https:\/\/www.vwpolo6n.de\/christian\/wp-json\/wp\/v2\/types\/post"}],"author":[{"embeddable":true,"href":"https:\/\/www.vwpolo6n.de\/christian\/wp-json\/wp\/v2\/users\/2"}],"replies":[{"embeddable":true,"href":"https:\/\/www.vwpolo6n.de\/christian\/wp-json\/wp\/v2\/comments?post=4614"}],"version-history":[{"count":1,"href":"https:\/\/www.vwpolo6n.de\/christian\/wp-json\/wp\/v2\/posts\/4614\/revisions"}],"predecessor-version":[{"id":4615,"href":"https:\/\/www.vwpolo6n.de\/christian\/wp-json\/wp\/v2\/posts\/4614\/revisions\/4615"}],"wp:attachment":[{"href":"https:\/\/www.vwpolo6n.de\/christian\/wp-json\/wp\/v2\/media?parent=4614"}],"wp:term":[{"taxonomy":"category","embeddable":true,"href":"https:\/\/www.vwpolo6n.de\/christian\/wp-json\/wp\/v2\/categories?post=4614"},{"taxonomy":"post_tag","embeddable":true,"href":"https:\/\/www.vwpolo6n.de\/christian\/wp-json\/wp\/v2\/tags?post=4614"}],"curies":[{"name":"wp","href":"https:\/\/api.w.org\/{rel}","templated":true}]}}