{"id":6652,"date":"2021-05-06T13:59:54","date_gmt":"2021-05-06T11:59:54","guid":{"rendered":"https:\/\/www.vwpolo6n.de\/christian\/?p=6652"},"modified":"2021-05-06T14:18:37","modified_gmt":"2021-05-06T12:18:37","slug":"scheinwerferreinigungsanlage-polo-6n1-neue-ze","status":"publish","type":"post","link":"https:\/\/www.vwpolo6n.de\/christian\/2021\/05\/06\/scheinwerferreinigungsanlage-polo-6n1-neue-ze\/","title":{"rendered":"Scheinwerferreinigungsanlage Polo 6N1 neue ZE"},"content":{"rendered":"<p>April 2021.<\/p>\n<p><a href=\"https:\/\/www.vwpolo6n.de\/familienpolos\/meiner\/aktuell\/sra.htm\">Was ich vor 12 Jahren im Jahr 2009 an meinem schwarzen Polo mit alter ZE tat<\/a>, wollte ich seit l\u00e4ngerer Zeit auch an meinem blauen Alltagspolo mit neuer ZE tun.<br \/>\nEine komplette originale Scheinwerferreinigungsanlage, kurz SRA, so original wie m\u00f6glich einbauen und dabei speziell die Elektrik so original wie m\u00f6glich verdrahten.<br \/>\nIch frug mal wieder meinen schwedischen VW Schrauberkumpel Magnus, ob er mir da helfen k\u00f6nnte.<br \/>\nUnd was soll ich sagen, die Schweden sind echt hart im Nehmen, denn eines fr\u00fchen Februartages kamen pl\u00f6tzlich \u00fcber den iMessenger Bilder von einem Schrottplatz in Helsingborg. Da baute der Magnus tats\u00e4chlich gerade bei minus 11 Grad Celsius aus einen 99er 6N1 f\u00fcr mich die SRA aus, mit Ausnahme des Motorraumkabelbaums.<\/p>\n<p><img loading=\"lazy\" decoding=\"async\" class=\"alignnone size-full wp-image-6653\" src=\"https:\/\/www.vwpolo6n.de\/christian\/wp-content\/uploads\/2021\/05\/01.jpg\" alt=\"\" width=\"600\" height=\"447\" srcset=\"https:\/\/www.vwpolo6n.de\/christian\/wp-content\/uploads\/2021\/05\/01.jpg 600w, https:\/\/www.vwpolo6n.de\/christian\/wp-content\/uploads\/2021\/05\/01-300x224.jpg 300w\" sizes=\"auto, (max-width: 600px) 100vw, 600px\" \/><br \/>\n<img loading=\"lazy\" decoding=\"async\" class=\"alignnone size-full wp-image-6654\" src=\"https:\/\/www.vwpolo6n.de\/christian\/wp-content\/uploads\/2021\/05\/02.jpg\" alt=\"\" width=\"450\" height=\"600\" srcset=\"https:\/\/www.vwpolo6n.de\/christian\/wp-content\/uploads\/2021\/05\/02.jpg 450w, https:\/\/www.vwpolo6n.de\/christian\/wp-content\/uploads\/2021\/05\/02-225x300.jpg 225w\" sizes=\"auto, (max-width: 450px) 100vw, 450px\" \/><br \/>\n<img loading=\"lazy\" decoding=\"async\" class=\"alignnone size-full wp-image-6655\" src=\"https:\/\/www.vwpolo6n.de\/christian\/wp-content\/uploads\/2021\/05\/03.jpg\" alt=\"\" width=\"600\" height=\"450\" srcset=\"https:\/\/www.vwpolo6n.de\/christian\/wp-content\/uploads\/2021\/05\/03.jpg 600w, https:\/\/www.vwpolo6n.de\/christian\/wp-content\/uploads\/2021\/05\/03-300x225.jpg 300w\" sizes=\"auto, (max-width: 600px) 100vw, 600px\" \/><img loading=\"lazy\" decoding=\"async\" class=\"alignnone size-full wp-image-6656\" src=\"https:\/\/www.vwpolo6n.de\/christian\/wp-content\/uploads\/2021\/05\/04.jpg\" alt=\"\" width=\"600\" height=\"450\" srcset=\"https:\/\/www.vwpolo6n.de\/christian\/wp-content\/uploads\/2021\/05\/04.jpg 600w, https:\/\/www.vwpolo6n.de\/christian\/wp-content\/uploads\/2021\/05\/04-300x225.jpg 300w\" sizes=\"auto, (max-width: 600px) 100vw, 600px\" \/> <span style=\"font-size: 1rem;\">\u00a0<\/span><img loading=\"lazy\" decoding=\"async\" class=\"alignnone size-full wp-image-6658\" style=\"font-size: 1rem;\" src=\"https:\/\/www.vwpolo6n.de\/christian\/wp-content\/uploads\/2021\/05\/06.jpg\" alt=\"\" width=\"600\" height=\"450\" srcset=\"https:\/\/www.vwpolo6n.de\/christian\/wp-content\/uploads\/2021\/05\/06.jpg 600w, https:\/\/www.vwpolo6n.de\/christian\/wp-content\/uploads\/2021\/05\/06-300x225.jpg 300w\" sizes=\"auto, (max-width: 600px) 100vw, 600px\" \/><img loading=\"lazy\" decoding=\"async\" class=\"alignnone size-full wp-image-6657\" style=\"font-size: 1rem;\" src=\"https:\/\/www.vwpolo6n.de\/christian\/wp-content\/uploads\/2021\/05\/05.jpg\" alt=\"\" width=\"600\" height=\"450\" srcset=\"https:\/\/www.vwpolo6n.de\/christian\/wp-content\/uploads\/2021\/05\/05.jpg 600w, https:\/\/www.vwpolo6n.de\/christian\/wp-content\/uploads\/2021\/05\/05-300x225.jpg 300w\" sizes=\"auto, (max-width: 600px) 100vw, 600px\" \/><\/p>\n<p><span style=\"font-size: 1rem;\">Als die Teile dann hier waren, machte<\/span><span style=\"font-size: 1rem;\">\u00a0ich mich gleich an den Einbau.<\/span><\/p>\n<p><img loading=\"lazy\" decoding=\"async\" class=\"alignnone size-full wp-image-6659\" src=\"https:\/\/www.vwpolo6n.de\/christian\/wp-content\/uploads\/2021\/05\/07.jpg\" alt=\"\" width=\"600\" height=\"450\" srcset=\"https:\/\/www.vwpolo6n.de\/christian\/wp-content\/uploads\/2021\/05\/07.jpg 600w, https:\/\/www.vwpolo6n.de\/christian\/wp-content\/uploads\/2021\/05\/07-300x225.jpg 300w\" sizes=\"auto, (max-width: 600px) 100vw, 600px\" \/><\/p>\n<p>In der Nachbargarage stand ja der schwarze Polo, bei dem ich die Ma\u00dfe f\u00fcr die exakten Anbaupunkte der Spritzd\u00fcsen messen konnte, er hatte ja 2009 einen originalen schwedischen Sto\u00dff\u00e4nger verbaut bekommen mit den L\u00f6chern ab Werk.<\/p>\n<p><img loading=\"lazy\" decoding=\"async\" class=\"alignnone size-full wp-image-6660\" src=\"https:\/\/www.vwpolo6n.de\/christian\/wp-content\/uploads\/2021\/05\/08.jpg\" alt=\"\" width=\"600\" height=\"450\" srcset=\"https:\/\/www.vwpolo6n.de\/christian\/wp-content\/uploads\/2021\/05\/08.jpg 600w, https:\/\/www.vwpolo6n.de\/christian\/wp-content\/uploads\/2021\/05\/08-300x225.jpg 300w\" sizes=\"auto, (max-width: 600px) 100vw, 600px\" \/><\/p>\n<p>Was ich ganz verga\u00df, der Alltagspolo <a href=\"https:\/\/www.vwpolo6n.de\/familienpolos\/meinzweiter\/webasto.htm\">hatte ja seit 13 Jahren eine Standheizung<\/a>, die war ja nun f\u00fcr die korrekte Verlegung des Wasserschlachauchs im Weg.<\/p>\n<p><img loading=\"lazy\" decoding=\"async\" class=\"alignnone size-full wp-image-6661\" src=\"https:\/\/www.vwpolo6n.de\/christian\/wp-content\/uploads\/2021\/05\/09.jpg\" alt=\"\" width=\"600\" height=\"450\" srcset=\"https:\/\/www.vwpolo6n.de\/christian\/wp-content\/uploads\/2021\/05\/09.jpg 600w, https:\/\/www.vwpolo6n.de\/christian\/wp-content\/uploads\/2021\/05\/09-300x225.jpg 300w\" sizes=\"auto, (max-width: 600px) 100vw, 600px\" \/> <img loading=\"lazy\" decoding=\"async\" class=\"alignnone size-full wp-image-6662\" src=\"https:\/\/www.vwpolo6n.de\/christian\/wp-content\/uploads\/2021\/05\/10.jpg\" alt=\"\" width=\"600\" height=\"450\" srcset=\"https:\/\/www.vwpolo6n.de\/christian\/wp-content\/uploads\/2021\/05\/10.jpg 600w, https:\/\/www.vwpolo6n.de\/christian\/wp-content\/uploads\/2021\/05\/10-300x225.jpg 300w\" sizes=\"auto, (max-width: 600px) 100vw, 600px\" \/> <img loading=\"lazy\" decoding=\"async\" class=\"alignnone size-full wp-image-6663\" src=\"https:\/\/www.vwpolo6n.de\/christian\/wp-content\/uploads\/2021\/05\/11.jpg\" alt=\"\" width=\"600\" height=\"450\" srcset=\"https:\/\/www.vwpolo6n.de\/christian\/wp-content\/uploads\/2021\/05\/11.jpg 600w, https:\/\/www.vwpolo6n.de\/christian\/wp-content\/uploads\/2021\/05\/11-300x225.jpg 300w\" sizes=\"auto, (max-width: 600px) 100vw, 600px\" \/><\/p>\n<p>Der Stutzen des neuen inneren Wassertanks des 6,5 Liter Systems (alte ZE = 7 Liter).<\/p>\n<p><img loading=\"lazy\" decoding=\"async\" class=\"alignnone size-full wp-image-6664\" src=\"https:\/\/www.vwpolo6n.de\/christian\/wp-content\/uploads\/2021\/05\/12.jpg\" alt=\"\" width=\"600\" height=\"450\" srcset=\"https:\/\/www.vwpolo6n.de\/christian\/wp-content\/uploads\/2021\/05\/12.jpg 600w, https:\/\/www.vwpolo6n.de\/christian\/wp-content\/uploads\/2021\/05\/12-300x225.jpg 300w\" sizes=\"auto, (max-width: 600px) 100vw, 600px\" \/> <img loading=\"lazy\" decoding=\"async\" class=\"alignnone size-full wp-image-6665\" src=\"https:\/\/www.vwpolo6n.de\/christian\/wp-content\/uploads\/2021\/05\/13.jpg\" alt=\"\" width=\"600\" height=\"450\" srcset=\"https:\/\/www.vwpolo6n.de\/christian\/wp-content\/uploads\/2021\/05\/13.jpg 600w, https:\/\/www.vwpolo6n.de\/christian\/wp-content\/uploads\/2021\/05\/13-300x225.jpg 300w\" sizes=\"auto, (max-width: 600px) 100vw, 600px\" \/> <img loading=\"lazy\" decoding=\"async\" class=\"alignnone size-full wp-image-6666\" src=\"https:\/\/www.vwpolo6n.de\/christian\/wp-content\/uploads\/2021\/05\/14.jpg\" alt=\"\" width=\"600\" height=\"450\" srcset=\"https:\/\/www.vwpolo6n.de\/christian\/wp-content\/uploads\/2021\/05\/14.jpg 600w, https:\/\/www.vwpolo6n.de\/christian\/wp-content\/uploads\/2021\/05\/14-300x225.jpg 300w\" sizes=\"auto, (max-width: 600px) 100vw, 600px\" \/><img loading=\"lazy\" decoding=\"async\" class=\"alignnone size-full wp-image-6667\" src=\"https:\/\/www.vwpolo6n.de\/christian\/wp-content\/uploads\/2021\/05\/15.jpg\" alt=\"\" width=\"600\" height=\"450\" srcset=\"https:\/\/www.vwpolo6n.de\/christian\/wp-content\/uploads\/2021\/05\/15.jpg 600w, https:\/\/www.vwpolo6n.de\/christian\/wp-content\/uploads\/2021\/05\/15-300x225.jpg 300w\" sizes=\"auto, (max-width: 600px) 100vw, 600px\" \/><img loading=\"lazy\" decoding=\"async\" class=\"alignnone size-full wp-image-6668\" src=\"https:\/\/www.vwpolo6n.de\/christian\/wp-content\/uploads\/2021\/05\/16.jpg\" alt=\"\" width=\"600\" height=\"450\" srcset=\"https:\/\/www.vwpolo6n.de\/christian\/wp-content\/uploads\/2021\/05\/16.jpg 600w, https:\/\/www.vwpolo6n.de\/christian\/wp-content\/uploads\/2021\/05\/16-300x225.jpg 300w\" sizes=\"auto, (max-width: 600px) 100vw, 600px\" \/><br \/>\n<img loading=\"lazy\" decoding=\"async\" class=\"alignnone size-full wp-image-6669\" src=\"https:\/\/www.vwpolo6n.de\/christian\/wp-content\/uploads\/2021\/05\/17.jpg\" alt=\"\" width=\"600\" height=\"450\" srcset=\"https:\/\/www.vwpolo6n.de\/christian\/wp-content\/uploads\/2021\/05\/17.jpg 600w, https:\/\/www.vwpolo6n.de\/christian\/wp-content\/uploads\/2021\/05\/17-300x225.jpg 300w\" sizes=\"auto, (max-width: 600px) 100vw, 600px\" \/><br \/>\n<img loading=\"lazy\" decoding=\"async\" class=\"alignnone size-full wp-image-6670\" src=\"https:\/\/www.vwpolo6n.de\/christian\/wp-content\/uploads\/2021\/05\/18.jpg\" alt=\"\" width=\"450\" height=\"600\" srcset=\"https:\/\/www.vwpolo6n.de\/christian\/wp-content\/uploads\/2021\/05\/18.jpg 450w, https:\/\/www.vwpolo6n.de\/christian\/wp-content\/uploads\/2021\/05\/18-225x300.jpg 225w\" sizes=\"auto, (max-width: 450px) 100vw, 450px\" \/><br \/>\n<img loading=\"lazy\" decoding=\"async\" class=\"alignnone size-full wp-image-6671\" src=\"https:\/\/www.vwpolo6n.de\/christian\/wp-content\/uploads\/2021\/05\/19.jpg\" alt=\"\" width=\"600\" height=\"450\" srcset=\"https:\/\/www.vwpolo6n.de\/christian\/wp-content\/uploads\/2021\/05\/19.jpg 600w, https:\/\/www.vwpolo6n.de\/christian\/wp-content\/uploads\/2021\/05\/19-300x225.jpg 300w\" sizes=\"auto, (max-width: 600px) 100vw, 600px\" \/><\/p>\n<p>Der Stecker &#8222;T2p&#8220; von der \u00dcbergabe Motorraumkabelbaum zur SRA-Pumpe, hat einen eigenen Halter unter\/neben dem Batteriesockel.<\/p>\n<p><img loading=\"lazy\" decoding=\"async\" class=\"alignnone size-full wp-image-6672\" src=\"https:\/\/www.vwpolo6n.de\/christian\/wp-content\/uploads\/2021\/05\/20.jpg\" alt=\"\" width=\"600\" height=\"450\" srcset=\"https:\/\/www.vwpolo6n.de\/christian\/wp-content\/uploads\/2021\/05\/20.jpg 600w, https:\/\/www.vwpolo6n.de\/christian\/wp-content\/uploads\/2021\/05\/20-300x225.jpg 300w\" sizes=\"auto, (max-width: 600px) 100vw, 600px\" \/><\/p>\n<p>Wie bereits erw\u00e4hnt hatte ich keinen originalen Motorraumkabelbaum mit SRA Verdrahtung vorliegen, somit musste ich die L\u00e4ngen aller Leitungen selber herausfinden durch Probeverlegen von Leitungen.<br \/>\nF\u00fcr die Farben und Querschnitte diente der VW Stromlaufplan Nr. 17 f\u00fcr den Polo ab 5\/97.<br \/>\nHeraus kam dieser kleine Y-Kabelbaum f\u00fcr den Motorraum.<br \/>\nEr f\u00fchrt\u00a0<span style=\"font-size: 1rem;\">vom Massepunkt &#8222;12&#8220; am Frontend <\/span><span style=\"font-size: 1rem;\">2,5 qmm Masse zur SRA-Pumpe (T2p\/1) und 1,0 qmm Masse zum Relaissockel Pin 6 auf der ZE.<br \/>\n<\/span>Zudem eine wei\u00df\/schwarze 2,5 qmm Leitung von der SRA-Pumpe (T2p\/2) zum Relaissockel Pin 2 auf der ZE.<br \/>\nAb Werk sind diese beiden Masseleitungen \u00fcber die Masseverbindungen &#8222;131&#8220; und &#8222;85&#8220; innerhalb des Motorraumkabelbaums mit dem Massepunkt &#8222;12&#8220; verbunden. Diesen Aufwand, den originalen Motorraumkabelbaum auszubauen und diese beiden Leitungen zu integrieren, wollte ich dieses Mal nicht betreiben.<\/p>\n<p><img loading=\"lazy\" decoding=\"async\" class=\"alignnone size-full wp-image-6673\" src=\"https:\/\/www.vwpolo6n.de\/christian\/wp-content\/uploads\/2021\/05\/21.jpg\" alt=\"\" width=\"600\" height=\"450\" srcset=\"https:\/\/www.vwpolo6n.de\/christian\/wp-content\/uploads\/2021\/05\/21.jpg 600w, https:\/\/www.vwpolo6n.de\/christian\/wp-content\/uploads\/2021\/05\/21-300x225.jpg 300w\" sizes=\"auto, (max-width: 600px) 100vw, 600px\" \/><br \/>\n<img loading=\"lazy\" decoding=\"async\" class=\"alignnone size-full wp-image-6674\" src=\"https:\/\/www.vwpolo6n.de\/christian\/wp-content\/uploads\/2021\/05\/22.jpg\" alt=\"\" width=\"600\" height=\"450\" srcset=\"https:\/\/www.vwpolo6n.de\/christian\/wp-content\/uploads\/2021\/05\/22.jpg 600w, https:\/\/www.vwpolo6n.de\/christian\/wp-content\/uploads\/2021\/05\/22-300x225.jpg 300w\" sizes=\"auto, (max-width: 600px) 100vw, 600px\" \/> <img loading=\"lazy\" decoding=\"async\" class=\"alignnone size-full wp-image-6675\" src=\"https:\/\/www.vwpolo6n.de\/christian\/wp-content\/uploads\/2021\/05\/23.jpg\" alt=\"\" width=\"600\" height=\"450\" srcset=\"https:\/\/www.vwpolo6n.de\/christian\/wp-content\/uploads\/2021\/05\/23.jpg 600w, https:\/\/www.vwpolo6n.de\/christian\/wp-content\/uploads\/2021\/05\/23-300x225.jpg 300w\" sizes=\"auto, (max-width: 600px) 100vw, 600px\" \/><br \/>\n<img loading=\"lazy\" decoding=\"async\" class=\"alignnone size-full wp-image-6676\" src=\"https:\/\/www.vwpolo6n.de\/christian\/wp-content\/uploads\/2021\/05\/24.jpg\" alt=\"\" width=\"450\" height=\"600\" srcset=\"https:\/\/www.vwpolo6n.de\/christian\/wp-content\/uploads\/2021\/05\/24.jpg 450w, https:\/\/www.vwpolo6n.de\/christian\/wp-content\/uploads\/2021\/05\/24-225x300.jpg 225w\" sizes=\"auto, (max-width: 450px) 100vw, 450px\" \/> <img loading=\"lazy\" decoding=\"async\" class=\"alignnone size-full wp-image-6677\" src=\"https:\/\/www.vwpolo6n.de\/christian\/wp-content\/uploads\/2021\/05\/25.jpg\" alt=\"\" width=\"600\" height=\"450\" srcset=\"https:\/\/www.vwpolo6n.de\/christian\/wp-content\/uploads\/2021\/05\/25.jpg 600w, https:\/\/www.vwpolo6n.de\/christian\/wp-content\/uploads\/2021\/05\/25-300x225.jpg 300w\" sizes=\"auto, (max-width: 600px) 100vw, 600px\" \/><\/p>\n<p>Der Wasserschlauch nahm nun nicht den originalen Verlegungsweg, sondern musste \u00fcber die Webasto her verlegt werden.<\/p>\n<p><span style=\"font-size: 1rem;\"><img loading=\"lazy\" decoding=\"async\" class=\"alignnone size-full wp-image-6678\" src=\"https:\/\/www.vwpolo6n.de\/christian\/wp-content\/uploads\/2021\/05\/26.jpg\" alt=\"\" width=\"600\" height=\"450\" srcset=\"https:\/\/www.vwpolo6n.de\/christian\/wp-content\/uploads\/2021\/05\/26.jpg 600w, https:\/\/www.vwpolo6n.de\/christian\/wp-content\/uploads\/2021\/05\/26-300x225.jpg 300w\" sizes=\"auto, (max-width: 600px) 100vw, 600px\" \/> <img loading=\"lazy\" decoding=\"async\" class=\"alignnone size-full wp-image-6679\" src=\"https:\/\/www.vwpolo6n.de\/christian\/wp-content\/uploads\/2021\/05\/27.jpg\" alt=\"\" width=\"600\" height=\"450\" srcset=\"https:\/\/www.vwpolo6n.de\/christian\/wp-content\/uploads\/2021\/05\/27.jpg 600w, https:\/\/www.vwpolo6n.de\/christian\/wp-content\/uploads\/2021\/05\/27-300x225.jpg 300w\" sizes=\"auto, (max-width: 600px) 100vw, 600px\" \/><br \/>\n<\/span><img loading=\"lazy\" decoding=\"async\" class=\"alignnone size-full wp-image-6681\" src=\"https:\/\/www.vwpolo6n.de\/christian\/wp-content\/uploads\/2021\/05\/29.jpg\" alt=\"\" width=\"600\" height=\"450\" srcset=\"https:\/\/www.vwpolo6n.de\/christian\/wp-content\/uploads\/2021\/05\/29.jpg 600w, https:\/\/www.vwpolo6n.de\/christian\/wp-content\/uploads\/2021\/05\/29-300x225.jpg 300w\" sizes=\"auto, (max-width: 600px) 100vw, 600px\" \/><span style=\"font-size: 1rem;\"><img loading=\"lazy\" decoding=\"async\" class=\"alignnone size-full wp-image-6680\" src=\"https:\/\/www.vwpolo6n.de\/christian\/wp-content\/uploads\/2021\/05\/28.jpg\" alt=\"\" width=\"600\" height=\"450\" srcset=\"https:\/\/www.vwpolo6n.de\/christian\/wp-content\/uploads\/2021\/05\/28.jpg 600w, https:\/\/www.vwpolo6n.de\/christian\/wp-content\/uploads\/2021\/05\/28-300x225.jpg 300w\" sizes=\"auto, (max-width: 600px) 100vw, 600px\" \/><br \/>\n<img loading=\"lazy\" decoding=\"async\" class=\"alignnone size-full wp-image-6682\" src=\"https:\/\/www.vwpolo6n.de\/christian\/wp-content\/uploads\/2021\/05\/30.jpg\" alt=\"\" width=\"600\" height=\"450\" srcset=\"https:\/\/www.vwpolo6n.de\/christian\/wp-content\/uploads\/2021\/05\/30.jpg 600w, https:\/\/www.vwpolo6n.de\/christian\/wp-content\/uploads\/2021\/05\/30-300x225.jpg 300w\" sizes=\"auto, (max-width: 600px) 100vw, 600px\" \/><\/span><\/p>\n<p>F\u00fcr die weitere Verdrahtung waren der wei\u00dfe Stecker &#8222;T10&#8220; und der schwarze Stecker &#8222;T10b&#8220;, motorraumkabelbaumseitig, interessant.<\/p>\n<p><span style=\"font-size: 1rem;\"><img loading=\"lazy\" decoding=\"async\" class=\"alignnone size-full wp-image-6683\" src=\"https:\/\/www.vwpolo6n.de\/christian\/wp-content\/uploads\/2021\/05\/31.jpg\" alt=\"\" width=\"600\" height=\"450\" srcset=\"https:\/\/www.vwpolo6n.de\/christian\/wp-content\/uploads\/2021\/05\/31.jpg 600w, https:\/\/www.vwpolo6n.de\/christian\/wp-content\/uploads\/2021\/05\/31-300x225.jpg 300w\" sizes=\"auto, (max-width: 600px) 100vw, 600px\" \/> <img loading=\"lazy\" decoding=\"async\" class=\"alignnone size-full wp-image-6684\" src=\"https:\/\/www.vwpolo6n.de\/christian\/wp-content\/uploads\/2021\/05\/32.jpg\" alt=\"\" width=\"600\" height=\"450\" srcset=\"https:\/\/www.vwpolo6n.de\/christian\/wp-content\/uploads\/2021\/05\/32.jpg 600w, https:\/\/www.vwpolo6n.de\/christian\/wp-content\/uploads\/2021\/05\/32-300x225.jpg 300w\" sizes=\"auto, (max-width: 600px) 100vw, 600px\" \/><\/span><\/p>\n<p><span style=\"font-size: 1rem;\">Die braune und die weiss\/schwarze Leitung vom Motorraum kommend hinter der ZE.<\/span><\/p>\n<p><span style=\"font-size: 1rem;\"><img loading=\"lazy\" decoding=\"async\" class=\"alignnone size-full wp-image-6685\" src=\"https:\/\/www.vwpolo6n.de\/christian\/wp-content\/uploads\/2021\/05\/33.jpg\" alt=\"\" width=\"600\" height=\"450\" srcset=\"https:\/\/www.vwpolo6n.de\/christian\/wp-content\/uploads\/2021\/05\/33.jpg 600w, https:\/\/www.vwpolo6n.de\/christian\/wp-content\/uploads\/2021\/05\/33-300x225.jpg 300w\" sizes=\"auto, (max-width: 600px) 100vw, 600px\" \/> <img loading=\"lazy\" decoding=\"async\" class=\"alignnone size-full wp-image-6686\" src=\"https:\/\/www.vwpolo6n.de\/christian\/wp-content\/uploads\/2021\/05\/34.jpg\" alt=\"\" width=\"600\" height=\"450\" srcset=\"https:\/\/www.vwpolo6n.de\/christian\/wp-content\/uploads\/2021\/05\/34.jpg 600w, https:\/\/www.vwpolo6n.de\/christian\/wp-content\/uploads\/2021\/05\/34-300x225.jpg 300w\" sizes=\"auto, (max-width: 600px) 100vw, 600px\" \/><br \/>\n<\/span><\/p>\n<p>Vom schwarzen Stecker &#8222;T10b&#8220; die gr\u00fcne 1 qmm Leitung (Spannung zur Scheibenwischwasserpumpe) aus Kammer 10 ausgepinnt &#8230;<\/p>\n<p><span style=\"font-size: 1rem;\"><img loading=\"lazy\" decoding=\"async\" class=\"alignnone size-full wp-image-6687\" src=\"https:\/\/www.vwpolo6n.de\/christian\/wp-content\/uploads\/2021\/05\/35.jpg\" alt=\"\" width=\"600\" height=\"450\" srcset=\"https:\/\/www.vwpolo6n.de\/christian\/wp-content\/uploads\/2021\/05\/35.jpg 600w, https:\/\/www.vwpolo6n.de\/christian\/wp-content\/uploads\/2021\/05\/35-300x225.jpg 300w\" sizes=\"auto, (max-width: 600px) 100vw, 600px\" \/><\/span><\/p>\n<p>&#8230; den Kabelschuh abgeschnitten &#8230;<\/p>\n<p><span style=\"font-size: 1rem;\"><img loading=\"lazy\" decoding=\"async\" class=\"alignnone size-full wp-image-6688\" src=\"https:\/\/www.vwpolo6n.de\/christian\/wp-content\/uploads\/2021\/05\/36.jpg\" alt=\"\" width=\"600\" height=\"450\" srcset=\"https:\/\/www.vwpolo6n.de\/christian\/wp-content\/uploads\/2021\/05\/36.jpg 600w, https:\/\/www.vwpolo6n.de\/christian\/wp-content\/uploads\/2021\/05\/36-300x225.jpg 300w\" sizes=\"auto, (max-width: 600px) 100vw, 600px\" \/><\/span><\/p>\n<p>&#8230; und zusammen mit einer weiteren gr\u00fcnen 1 qmm Leitung in einen Kabelschuh 6,3 mm mit B\u00fcgel gecrimpt, passend f\u00fcr den Relaissockel Pin 4.<br \/>\nSo ist es laut Stromlaufplan Nr. 17 verdrahtet, und auch nur so ist es machbar, weil nur dieser gro\u00dfe Kabelschuh f\u00fcr den Relaissockel es zul\u00e4sst dass dort gleichzeitig zwei 1 qmm Leitungen gecrimpt werden.<\/p>\n<p><span style=\"font-size: 1rem;\"> <img loading=\"lazy\" decoding=\"async\" class=\"alignnone size-full wp-image-6689\" src=\"https:\/\/www.vwpolo6n.de\/christian\/wp-content\/uploads\/2021\/05\/37.jpg\" alt=\"\" width=\"600\" height=\"450\" srcset=\"https:\/\/www.vwpolo6n.de\/christian\/wp-content\/uploads\/2021\/05\/37.jpg 600w, https:\/\/www.vwpolo6n.de\/christian\/wp-content\/uploads\/2021\/05\/37-300x225.jpg 300w\" sizes=\"auto, (max-width: 600px) 100vw, 600px\" \/><\/span><\/p>\n<p>Die neue gr\u00fcne 1 qmm Leitung kam mit dem passenden Kabelschuh wieder zur\u00fcck in<br \/>\nKammer 10 vom &#8222;T10b&#8220;.<br \/>\nSomit war das Signal, welches zur Scheibenwischwaschpumpe geht, abgegriffen.<\/p>\n<p><img loading=\"lazy\" decoding=\"async\" class=\"alignnone size-full wp-image-6690\" src=\"https:\/\/www.vwpolo6n.de\/christian\/wp-content\/uploads\/2021\/05\/38.jpg\" alt=\"\" width=\"600\" height=\"450\" srcset=\"https:\/\/www.vwpolo6n.de\/christian\/wp-content\/uploads\/2021\/05\/38.jpg 600w, https:\/\/www.vwpolo6n.de\/christian\/wp-content\/uploads\/2021\/05\/38-300x225.jpg 300w\" sizes=\"auto, (max-width: 600px) 100vw, 600px\" \/><\/p>\n<p>Die braune 1 qmm Leitung erhielt ebenfalls einen Kabelschuh 6,3 mm mit B\u00fcgel, die weiss\/schwarze Leitung einen normalen Kabelschuh.<\/p>\n<p><img loading=\"lazy\" decoding=\"async\" class=\"alignnone size-full wp-image-6691\" src=\"https:\/\/www.vwpolo6n.de\/christian\/wp-content\/uploads\/2021\/05\/39.jpg\" alt=\"\" width=\"600\" height=\"450\" srcset=\"https:\/\/www.vwpolo6n.de\/christian\/wp-content\/uploads\/2021\/05\/39.jpg 600w, https:\/\/www.vwpolo6n.de\/christian\/wp-content\/uploads\/2021\/05\/39-300x225.jpg 300w\" sizes=\"auto, (max-width: 600px) 100vw, 600px\" \/><\/p>\n<p>Die beiden selbst angefertigten Br\u00fccken.<br \/>\nDie rote 2,5 qmm Br\u00fccke f\u00fcr Klemme 30 Dauerplus vom wei\u00dfen Stecker &#8222;T10&#8220; Kammer 4 zum Relaissockel Pin 8, und die blaue 1,0 qmm Leitung f\u00fcr das Potential &#8222;SRA&#8220; vom SRA-Ausgang des Lichtschalters \u00fcber den wei\u00dfen Stecker &#8222;T10&#8220; Kammer 10 zum Relaissockel Pin 5.<br \/>\nDiese beiden Potentiale waren bereits ab Werk amaturenbrettkabelbaumseitig bis zu diesem Stecker &#8222;T10&#8220; verdrahtet.<\/p>\n<p><img loading=\"lazy\" decoding=\"async\" class=\"alignnone size-full wp-image-6692\" src=\"https:\/\/www.vwpolo6n.de\/christian\/wp-content\/uploads\/2021\/05\/40.jpg\" alt=\"\" width=\"600\" height=\"450\" srcset=\"https:\/\/www.vwpolo6n.de\/christian\/wp-content\/uploads\/2021\/05\/40.jpg 600w, https:\/\/www.vwpolo6n.de\/christian\/wp-content\/uploads\/2021\/05\/40-300x225.jpg 300w\" sizes=\"auto, (max-width: 600px) 100vw, 600px\" \/><\/p>\n<p>Eingepinnt in den &#8222;T10&#8220; &#8230;<\/p>\n<p><img loading=\"lazy\" decoding=\"async\" class=\"alignnone size-full wp-image-6693\" src=\"https:\/\/www.vwpolo6n.de\/christian\/wp-content\/uploads\/2021\/05\/41.jpg\" alt=\"\" width=\"600\" height=\"450\" srcset=\"https:\/\/www.vwpolo6n.de\/christian\/wp-content\/uploads\/2021\/05\/41.jpg 600w, https:\/\/www.vwpolo6n.de\/christian\/wp-content\/uploads\/2021\/05\/41-300x225.jpg 300w\" sizes=\"auto, (max-width: 600px) 100vw, 600px\" \/><\/p>\n<p>&#8230; und zusammen mit den anderen Leitungen in den neuen Relaissockel eingef\u00fchrt, &#8230;<\/p>\n<p><img loading=\"lazy\" decoding=\"async\" class=\"alignnone size-full wp-image-6694\" src=\"https:\/\/www.vwpolo6n.de\/christian\/wp-content\/uploads\/2021\/05\/42.jpg\" alt=\"\" width=\"600\" height=\"450\" srcset=\"https:\/\/www.vwpolo6n.de\/christian\/wp-content\/uploads\/2021\/05\/42.jpg 600w, https:\/\/www.vwpolo6n.de\/christian\/wp-content\/uploads\/2021\/05\/42-300x225.jpg 300w\" sizes=\"auto, (max-width: 600px) 100vw, 600px\" \/><\/p>\n<p>&#8230; der dann trotz Platzmangels an der ZE seinen Platz oberhalb der eFH-Sicherungen fand.<\/p>\n<p>Dieses Relais mit der Steuerungsnummer 33 (welches seit den 1980ern f\u00fcr die SRA in VAG Modellen Verwendung findet) macht nun nichts anderes als zu gucken, ob bei eingeschaltetem Abblendlicht die Scheibe gewaschen wird.<br \/>\nStandlicht alleine reicht nicht, denn der SRA-Ausgang des Lichtschalters f\u00fchrt erst ab Abblendlicht Spannung.<br \/>\nSollten beide Vorbedingungen gegeben sein, schaltet er f\u00fcr einen kurzen Moment die<br \/>\nSRA-Pumpe ein.<br \/>\nW\u00e4hrend des Scheibenwaschens das Abblendlicht einzuschalten, l\u00e4sst die SRA-Pumpe nicht pumpen. Nur wenn das Abblendlicht bereits an ist, und dann der Wischerhebel gezogen wird, wird auch die zweite SRA-Pumpe in Gang gesetzt. Das Reials will die ansteigende Flanke der ersten Pumpe sehen.<\/p>\n<p><img loading=\"lazy\" decoding=\"async\" class=\"alignnone size-full wp-image-6695\" src=\"https:\/\/www.vwpolo6n.de\/christian\/wp-content\/uploads\/2021\/05\/43.jpg\" alt=\"\" width=\"600\" height=\"450\" srcset=\"https:\/\/www.vwpolo6n.de\/christian\/wp-content\/uploads\/2021\/05\/43.jpg 600w, https:\/\/www.vwpolo6n.de\/christian\/wp-content\/uploads\/2021\/05\/43-300x225.jpg 300w\" sizes=\"auto, (max-width: 600px) 100vw, 600px\" \/><\/p>\n<p>Die Scheinwerferreinigungsanlage am Polo 6N1 in Aktion:<\/p>\n\t<video id=\"wp_mep_1\" src=\"https:\/\/www.vwpolo6n.de\/christian\/wp-content\/uploads\/2021\/05\/sra.mp4\"  width=\"640\" height=\"360\"  controls=\"controls\" preload=\"auto\"  >\r\n\t\t\r\n\t\t\r\n\t\t\r\n\t\t\r\n\t\t\r\n\t\t\r\n\t\t\r\n\t<\/video>\r\n<script type=\"text\/javascript\">\r\njQuery(document).ready(function($) {\r\n\t$('#wp_mep_1').mediaelementplayer({\r\n\t\tm:1\r\n\t\t\r\n\t\t,features: ['playpause','current','progress','duration','volume','tracks','fullscreen']\r\n\t\t\r\n\t});\r\n});\r\n<\/script>\r\n\n<p>&nbsp;<\/p>\n<p>Ein dickes <strong>Dankesch\u00f6n<\/strong> geht an den Magnus aus Schweden.<\/p>\n<p>Nachtrag: Einige der hier genannten Steckergeh\u00e4use- und -kammerbezeichnungen sowie Masseleitungsquerschnitte sowie Massepunkte k\u00f6nnen abh\u00e4ngig von Motorkennbuchstaben und Getriebeart variieren. Siehe dazu Stromlaufplan Nr. 17 f\u00fcr den Polo ab 5\/97.<\/p>\n","protected":false},"excerpt":{"rendered":"<p>April 2021. Was ich vor 12 Jahren im Jahr 2009 an meinem schwarzen Polo mit alter ZE tat, wollte ich seit l\u00e4ngerer Zeit auch an meinem blauen Alltagspolo mit neuer ZE tun. Eine komplette originale Scheinwerferreinigungsanlage, kurz SRA, so original wie m\u00f6glich einbauen und dabei speziell die Elektrik so original wie m\u00f6glich verdrahten. Ich frug [&hellip;]<\/p>\n","protected":false},"author":2,"featured_media":0,"comment_status":"closed","ping_status":"open","sticky":false,"template":"","format":"standard","meta":{"footnotes":""},"categories":[1,8,5],"tags":[128,129,126,127],"class_list":["post-6652","post","type-post","status-publish","format-standard","hentry","category-allgemein","category-blauer-polo","category-oem-tuning","tag-scheinwerferreinigung","tag-scheinwerferreinigungsanlage","tag-sra","tag-swra"],"_links":{"self":[{"href":"https:\/\/www.vwpolo6n.de\/christian\/wp-json\/wp\/v2\/posts\/6652","targetHints":{"allow":["GET"]}}],"collection":[{"href":"https:\/\/www.vwpolo6n.de\/christian\/wp-json\/wp\/v2\/posts"}],"about":[{"href":"https:\/\/www.vwpolo6n.de\/christian\/wp-json\/wp\/v2\/types\/post"}],"author":[{"embeddable":true,"href":"https:\/\/www.vwpolo6n.de\/christian\/wp-json\/wp\/v2\/users\/2"}],"replies":[{"embeddable":true,"href":"https:\/\/www.vwpolo6n.de\/christian\/wp-json\/wp\/v2\/comments?post=6652"}],"version-history":[{"count":14,"href":"https:\/\/www.vwpolo6n.de\/christian\/wp-json\/wp\/v2\/posts\/6652\/revisions"}],"predecessor-version":[{"id":6710,"href":"https:\/\/www.vwpolo6n.de\/christian\/wp-json\/wp\/v2\/posts\/6652\/revisions\/6710"}],"wp:attachment":[{"href":"https:\/\/www.vwpolo6n.de\/christian\/wp-json\/wp\/v2\/media?parent=6652"}],"wp:term":[{"taxonomy":"category","embeddable":true,"href":"https:\/\/www.vwpolo6n.de\/christian\/wp-json\/wp\/v2\/categories?post=6652"},{"taxonomy":"post_tag","embeddable":true,"href":"https:\/\/www.vwpolo6n.de\/christian\/wp-json\/wp\/v2\/tags?post=6652"}],"curies":[{"name":"wp","href":"https:\/\/api.w.org\/{rel}","templated":true}]}}