{"id":6719,"date":"2021-10-02T00:42:28","date_gmt":"2021-10-01T22:42:28","guid":{"rendered":"https:\/\/www.vwpolo6n.de\/christian\/?p=6719"},"modified":"2021-10-02T00:54:08","modified_gmt":"2021-10-01T22:54:08","slug":"upgrade-webasto-fernbedienung-t80-zu-t100-htm-und-nachruestung-sommer-winter-schalter","status":"publish","type":"post","link":"https:\/\/www.vwpolo6n.de\/christian\/2021\/10\/02\/upgrade-webasto-fernbedienung-t80-zu-t100-htm-und-nachruestung-sommer-winter-schalter\/","title":{"rendered":"Upgrade Webasto Fernbedienung T80 zu T100 HTM und Nachr\u00fcstung Winter\/Sommer-Schalter"},"content":{"rendered":"<p>September 2021.<\/p>\n<p>F\u00fcr meine <a href=\"https:\/\/www.vwpolo6n.de\/familienpolos\/meinzweiter\/webasto.htm\">2008 verbaute Webasto Standheizung &#8222;Thermo Top E&#8220;<\/a> hatte ich seit dem Einbau auch die Fernbedienung T80 (mit R\u00fcckmeldefunktion) mit zwei Sendern in T90 Geh\u00e4usen mit eingelassenen VW Emblemen (Klappschl\u00fcsselembleme).<\/p>\n<p><img loading=\"lazy\" decoding=\"async\" class=\"alignnone size-full wp-image-6732\" src=\"https:\/\/www.vwpolo6n.de\/christian\/wp-content\/uploads\/2021\/10\/13.jpg\" alt=\"\" width=\"600\" height=\"450\" srcset=\"https:\/\/www.vwpolo6n.de\/christian\/wp-content\/uploads\/2021\/10\/13.jpg 600w, https:\/\/www.vwpolo6n.de\/christian\/wp-content\/uploads\/2021\/10\/13-300x225.jpg 300w\" sizes=\"auto, (max-width: 600px) 100vw, 600px\" \/><\/p>\n<p>Jetzt ergab es sich dass in meinem Umfeld ein Fahrzeug mit dem Flagschiff der Webasto Fernbedienungen, der &#8222;T100 HTM&#8220;, verschrottet werden sollte.<br \/>\nDiese durfte ich mir vorher kostenlos ausbauen.<\/p>\n<p><img loading=\"lazy\" decoding=\"async\" class=\"alignnone size-full wp-image-6720\" src=\"https:\/\/www.vwpolo6n.de\/christian\/wp-content\/uploads\/2021\/10\/01.jpg\" alt=\"\" width=\"600\" height=\"450\" srcset=\"https:\/\/www.vwpolo6n.de\/christian\/wp-content\/uploads\/2021\/10\/01.jpg 600w, https:\/\/www.vwpolo6n.de\/christian\/wp-content\/uploads\/2021\/10\/01-300x225.jpg 300w\" sizes=\"auto, (max-width: 600px) 100vw, 600px\" \/><\/p>\n<p>Das Spenderfahrzeug war zwar ein Opel, aber diese Fernbedienung war eine nachger\u00fcstete Fernbedienung f\u00fcr den freien Handel, keine von Opel werksm\u00e4\u00dfig verbaute. Vom Unterschied zu wissen ist wichtig, denn einige Hersteller (Opel, MB &#8230;) verbauen diese Fernbedienung ab Werk, die dann nicht kompatibel sind mit Teilen f\u00fcr den freien Handel, also der Nachr\u00fcstvariante. Die Sender sehen identisch aus, nutzen aber unterschiedliche Sendeprotokolle.<br \/>\nSo hatte ich nun zwei Sender f\u00fcr die Webasto T100 HTM, einen abgegriffenen silbernen mit fehlendem Opel-Emblem f\u00fcr den Handel, und einen bei ebay geschossenen Sender f\u00fcr den Handel im Neuzustand. Der Webasto Schritzug auf dem Batteriefachdeckel passte mir auch nicht.<\/p>\n<p><img loading=\"lazy\" decoding=\"async\" class=\"alignnone size-full wp-image-6729\" src=\"https:\/\/www.vwpolo6n.de\/christian\/wp-content\/uploads\/2021\/10\/10.jpg\" alt=\"\" width=\"600\" height=\"450\" srcset=\"https:\/\/www.vwpolo6n.de\/christian\/wp-content\/uploads\/2021\/10\/10.jpg 600w, https:\/\/www.vwpolo6n.de\/christian\/wp-content\/uploads\/2021\/10\/10-300x225.jpg 300w\" sizes=\"auto, (max-width: 600px) 100vw, 600px\" \/><\/p>\n<p>Leider verbaute VW diese Fernbedienung nie ab Werk, also gibt es diesen Batteriefachdeckel auch nicht von VW mit VW Emblem.<br \/>\nWas f\u00fcr ein sch\u00f6ner Zufall dass die Klappschl\u00fcsselembleme der aktuellen Klappschl\u00fcsselbaureihe exakt in die Mulde des Opel Batteriefachdeckels passen.<br \/>\nLeider ist der Opel Batteriefachdeckel nicht einzeln zu bekommen, nur mit dem kompletten Sender. Dass der Verk\u00e4ufer auf ebay, der mir sehr g\u00fcnstig zwei neue OPEL Sender verkaufte, aus R\u00fcsselsheim kommt, halte ich f\u00fcr einen Zufall.<\/p>\n<p><img loading=\"lazy\" decoding=\"async\" class=\"alignnone size-full wp-image-6730\" src=\"https:\/\/www.vwpolo6n.de\/christian\/wp-content\/uploads\/2021\/10\/11.jpg\" alt=\"\" width=\"600\" height=\"450\" srcset=\"https:\/\/www.vwpolo6n.de\/christian\/wp-content\/uploads\/2021\/10\/11.jpg 600w, https:\/\/www.vwpolo6n.de\/christian\/wp-content\/uploads\/2021\/10\/11-300x225.jpg 300w\" sizes=\"auto, (max-width: 600px) 100vw, 600px\" \/><\/p>\n<p>Die Innereien der beiden Handels-Sender wanderten in die beiden neuen schwarzen OPEL Sendergeh\u00e4use, und zwei VW Klappschl\u00fcsselembleme nahmen die Pl\u00e4tze der OPEL Embleme ein.<br \/>\nSo ist das schon viel besser.<\/p>\n<p><img loading=\"lazy\" decoding=\"async\" class=\"alignnone size-full wp-image-6731\" src=\"https:\/\/www.vwpolo6n.de\/christian\/wp-content\/uploads\/2021\/10\/12.jpg\" alt=\"\" width=\"600\" height=\"450\" srcset=\"https:\/\/www.vwpolo6n.de\/christian\/wp-content\/uploads\/2021\/10\/12.jpg 600w, https:\/\/www.vwpolo6n.de\/christian\/wp-content\/uploads\/2021\/10\/12-300x225.jpg 300w\" sizes=\"auto, (max-width: 600px) 100vw, 600px\" \/><br \/>\n<img loading=\"lazy\" decoding=\"async\" class=\"alignnone size-full wp-image-6738\" src=\"https:\/\/www.vwpolo6n.de\/christian\/wp-content\/uploads\/2021\/10\/15.jpg\" alt=\"\" width=\"600\" height=\"450\" srcset=\"https:\/\/www.vwpolo6n.de\/christian\/wp-content\/uploads\/2021\/10\/15.jpg 600w, https:\/\/www.vwpolo6n.de\/christian\/wp-content\/uploads\/2021\/10\/15-300x225.jpg 300w\" sizes=\"auto, (max-width: 600px) 100vw, 600px\" \/><\/p>\n<p>Beim Durchlesen der Bedienungsanleitung vor dem Einbau dieser T100 HTM<br \/>\n(<strong>H<\/strong>eating <strong>T<\/strong>ime <strong>M<\/strong>anagement = Heizzeitmanagement) stie\u00df ich auf die Funktion des Umschaltens zwischen Winter\/Sommer-Funktion.<br \/>\nBei der Sommerfunktion schaltet sich beim Einschalten der Standheizung diese selber nicht ein, nur das Gebl\u00e4se geht sofort an und kann schonmal einen Austausch mit k\u00fchlerer Au\u00dfenluft im Innenraum vornehmen.<br \/>\nDas Umschalten zwischen Winter- und Sommer-Funktion kann ebenfalls \u00fcber diese Fernbedienung erfolgen. Das funktioniert aber nur mit der aktuellen &#8222;Evo&#8220; Standheizungsserie bei der die Fernbedienung \u00fcber den W-Bus mit der Standheizung kommuniziert.<br \/>\nMeine &#8222;alte&#8220; Thermo Top hat diesen W-Bus nicht.<br \/>\nDa fiel mir ein dass meine Thermo Top das trotzdem kann.<br \/>\nMit einem externen Schalter, der eine von der Standheizung kommende violette Leitung mit einer von der Standheizung kommenen braunen Masseleitung verbindet, wird der Sommermodus aktiviert.<br \/>\nEs gibt daf\u00fcr sogar mehrere verschiedene originale Schalter von Webasto, einer davon sieht so aus. Der sieht f\u00fcr mich mehr aus wie ein Schalter zum Umschalten zwischen Schiffsschraube und Lagerfeuer.<\/p>\n<p><img loading=\"lazy\" decoding=\"async\" class=\"alignnone size-full wp-image-6735\" src=\"https:\/\/www.vwpolo6n.de\/christian\/wp-content\/uploads\/2021\/10\/14.png\" alt=\"\" width=\"450\" height=\"600\" srcset=\"https:\/\/www.vwpolo6n.de\/christian\/wp-content\/uploads\/2021\/10\/14.png 450w, https:\/\/www.vwpolo6n.de\/christian\/wp-content\/uploads\/2021\/10\/14-225x300.png 225w\" sizes=\"auto, (max-width: 450px) 100vw, 450px\" \/><\/p>\n<p>Da ich an der Ablage unter dem Lenkrad bereits zwei Schalter f\u00fcr die <a href=\"https:\/\/www.vwpolo6n.de\/christian\/2015\/10\/25\/dashcams-fuer-beide-polos\/\">beiden Dashcams<\/a> leicht versteckt verbaut habe&#8230;<\/p>\n<p><img loading=\"lazy\" decoding=\"async\" class=\"alignnone size-full wp-image-6728\" src=\"https:\/\/www.vwpolo6n.de\/christian\/wp-content\/uploads\/2021\/10\/09.jpg\" alt=\"\" width=\"600\" height=\"450\" srcset=\"https:\/\/www.vwpolo6n.de\/christian\/wp-content\/uploads\/2021\/10\/09.jpg 600w, https:\/\/www.vwpolo6n.de\/christian\/wp-content\/uploads\/2021\/10\/09-300x225.jpg 300w\" sizes=\"auto, (max-width: 600px) 100vw, 600px\" \/><\/p>\n<p>&#8230; wollte ich das gegen\u00fcber im selben Look auch mit dem Winter\/Sommer-Schalter machen.<br \/>\nDer Schalter sitzt nun unter dem Innenraumtemperaturf\u00fchler der T100 HTM Fernbedienung.<br \/>\nIch musste nur den Deckel zu den Sicherungen oben rechts etwas bearbeiten, damit ich ihn weiterhin \u00f6ffnen kann.<\/p>\n<p><img loading=\"lazy\" decoding=\"async\" class=\"alignnone size-full wp-image-6726\" src=\"https:\/\/www.vwpolo6n.de\/christian\/wp-content\/uploads\/2021\/10\/07.jpg\" alt=\"\" width=\"600\" height=\"450\" srcset=\"https:\/\/www.vwpolo6n.de\/christian\/wp-content\/uploads\/2021\/10\/07.jpg 600w, https:\/\/www.vwpolo6n.de\/christian\/wp-content\/uploads\/2021\/10\/07-300x225.jpg 300w\" sizes=\"auto, (max-width: 600px) 100vw, 600px\" \/><br \/>\n<img loading=\"lazy\" decoding=\"async\" class=\"alignnone size-full wp-image-6727\" src=\"https:\/\/www.vwpolo6n.de\/christian\/wp-content\/uploads\/2021\/10\/08.jpg\" alt=\"\" width=\"600\" height=\"450\" srcset=\"https:\/\/www.vwpolo6n.de\/christian\/wp-content\/uploads\/2021\/10\/08.jpg 600w, https:\/\/www.vwpolo6n.de\/christian\/wp-content\/uploads\/2021\/10\/08-300x225.jpg 300w\" sizes=\"auto, (max-width: 600px) 100vw, 600px\" \/><\/p>\n<p>Wie die Schalter f\u00fcr die Dashcams habe ich auch diesen Schalter und den Innenraumtemperaturf\u00fchler vom Kabelbaum steckbar gemacht, damit ich problemlos die komplette Blende bei Bedarf enfernen kann.<\/p>\n<p><img loading=\"lazy\" decoding=\"async\" class=\"alignnone size-full wp-image-6721\" src=\"https:\/\/www.vwpolo6n.de\/christian\/wp-content\/uploads\/2021\/10\/02.jpg\" alt=\"\" width=\"600\" height=\"450\" srcset=\"https:\/\/www.vwpolo6n.de\/christian\/wp-content\/uploads\/2021\/10\/02.jpg 600w, https:\/\/www.vwpolo6n.de\/christian\/wp-content\/uploads\/2021\/10\/02-300x225.jpg 300w\" sizes=\"auto, (max-width: 600px) 100vw, 600px\" \/><\/p>\n<p>Daf\u00fcr brauchte ich einen f\u00fcnfpoligen Stecker, ich fand in meinem Sammelsorium noch einen vom Polo 6N1 von zwischen Innenraumkabelbaum und Heckklappenkabelbaum. Perfekt.<\/p>\n<p><img loading=\"lazy\" decoding=\"async\" class=\"alignnone size-full wp-image-6722\" src=\"https:\/\/www.vwpolo6n.de\/christian\/wp-content\/uploads\/2021\/10\/03.jpg\" alt=\"\" width=\"600\" height=\"450\" srcset=\"https:\/\/www.vwpolo6n.de\/christian\/wp-content\/uploads\/2021\/10\/03.jpg 600w, https:\/\/www.vwpolo6n.de\/christian\/wp-content\/uploads\/2021\/10\/03-300x225.jpg 300w\" sizes=\"auto, (max-width: 600px) 100vw, 600px\" \/><\/p>\n<p>Im Keller schon mal alles vorbereitet zum 1:1 Austausch gegen den T80 Kabelbaum &#8230;<\/p>\n<p><img loading=\"lazy\" decoding=\"async\" class=\"alignnone size-full wp-image-6723\" src=\"https:\/\/www.vwpolo6n.de\/christian\/wp-content\/uploads\/2021\/10\/04.jpg\" alt=\"\" width=\"600\" height=\"450\" srcset=\"https:\/\/www.vwpolo6n.de\/christian\/wp-content\/uploads\/2021\/10\/04.jpg 600w, https:\/\/www.vwpolo6n.de\/christian\/wp-content\/uploads\/2021\/10\/04-300x225.jpg 300w\" sizes=\"auto, (max-width: 600px) 100vw, 600px\" \/><br \/>\n<img loading=\"lazy\" decoding=\"async\" class=\"alignnone size-full wp-image-6724\" src=\"https:\/\/www.vwpolo6n.de\/christian\/wp-content\/uploads\/2021\/10\/05.jpg\" alt=\"\" width=\"600\" height=\"450\" srcset=\"https:\/\/www.vwpolo6n.de\/christian\/wp-content\/uploads\/2021\/10\/05.jpg 600w, https:\/\/www.vwpolo6n.de\/christian\/wp-content\/uploads\/2021\/10\/05-300x225.jpg 300w\" sizes=\"auto, (max-width: 600px) 100vw, 600px\" \/><\/p>\n<p>&#8230; und an der Garage dann an den Thermo Top Kabelbaum angeschlossen.<br \/>\nVon links kommend der T100 HTM Baum zur Zeitschatuhr 1533 und mit Trennstecker zum Thermo Top Kabelbaum nach rechts abgehend, sowie die drei Leitungen des Innenraumtemperaturf\u00fchlers aus dem T100 HTM Baum zusammen mit den beiden Leitungen f\u00fcr den Umschalter aus dem Thermo Top Baum zum f\u00fcnfpoligen VW Stecker.<\/p>\n<p><img loading=\"lazy\" decoding=\"async\" class=\"alignnone size-full wp-image-6725\" src=\"https:\/\/www.vwpolo6n.de\/christian\/wp-content\/uploads\/2021\/10\/06.jpg\" alt=\"\" width=\"600\" height=\"450\" srcset=\"https:\/\/www.vwpolo6n.de\/christian\/wp-content\/uploads\/2021\/10\/06.jpg 600w, https:\/\/www.vwpolo6n.de\/christian\/wp-content\/uploads\/2021\/10\/06-300x225.jpg 300w\" sizes=\"auto, (max-width: 600px) 100vw, 600px\" \/><\/p>\n<p>Noch die Antenne ausgetauscht und fertig war der Austausch der Webasto T80 gegen die<br \/>\nT100 HTM inklusive Nachr\u00fcstung des Winter\/Sommer-Schalters.<\/p>\n<p>Randnotiz:<br \/>\nH\u00e4tte ich eine Standheizung mit dem W-Bus, w\u00fcrde bei \u00fcber die Fernbedienung eingestelltem Sommermodus die Zeitschaltuhr 1533 sowie die daran angeschlossene <a href=\"https:\/\/www.vwpolo6n.de\/christian\/2015\/09\/28\/gsm-fernbedienung-fuer-webasto-standheizung-ueber-zeitschaltuhr-1533\/\">GSM Fernbedienung<\/a> ebenfalls nur die L\u00fcftung einschalten, weil diese ihr Schaltsignal in das T100 HTM Empfangsteil reingeben, und dieses gibt dann das Schaltsignal mit der Info ob Sommer oder Winter \u00fcber<br \/>\nW-Bus weiter an die Standheizung.<br \/>\nMit dem Schalter an meiner Thermo Top wird nun direkt in der Standheizung der Sommermodus fest aktiviert, nun ist es ebenfalls egal ob die Fernbedienung, die Zeitschaltuhr, oder der <a href=\"https:\/\/www.vwpolo6n.de\/christian\/2015\/09\/28\/gsm-fernbedienung-fuer-webasto-standheizung-ueber-zeitschaltuhr-1533\/\">GSM Empf\u00e4nger<\/a> schaltet, es wird immer nur die L\u00fcftung aktiviert f\u00fcr die voreingestellte Zeit.<br \/>\nDer einzige Nachteil ist also, dass ich den Modus nicht aus der Ferne \u00e4ndern kann, und der Sender mir im Display immer das Symbol f\u00fcrs Heizen (Wintermodus) anzeigt.<br \/>\nDurch das Umschalten auf Sommermodus am Handsender wird dann das Symbol f\u00fcrs L\u00fcften (Sommermodus) im Display angezeigt.<br \/>\nDamit kann ich aber prima leben.<\/p>\n","protected":false},"excerpt":{"rendered":"<p>September 2021. F\u00fcr meine 2008 verbaute Webasto Standheizung &#8222;Thermo Top E&#8220; hatte ich seit dem Einbau auch die Fernbedienung T80 (mit R\u00fcckmeldefunktion) mit zwei Sendern in T90 Geh\u00e4usen mit eingelassenen VW Emblemen (Klappschl\u00fcsselembleme). Jetzt ergab es sich dass in meinem Umfeld ein Fahrzeug mit dem Flagschiff der Webasto Fernbedienungen, der &#8222;T100 HTM&#8220;, verschrottet werden sollte. [&hellip;]<\/p>\n","protected":false},"author":2,"featured_media":0,"comment_status":"closed","ping_status":"open","sticky":false,"template":"","format":"standard","meta":{"footnotes":""},"categories":[8],"tags":[15,14,131,130,82],"class_list":["post-6719","post","type-post","status-publish","format-standard","hentry","category-blauer-polo","tag-gsm-fernbedienung","tag-standheizung","tag-t100-htm","tag-w-bus","tag-webasto"],"_links":{"self":[{"href":"https:\/\/www.vwpolo6n.de\/christian\/wp-json\/wp\/v2\/posts\/6719","targetHints":{"allow":["GET"]}}],"collection":[{"href":"https:\/\/www.vwpolo6n.de\/christian\/wp-json\/wp\/v2\/posts"}],"about":[{"href":"https:\/\/www.vwpolo6n.de\/christian\/wp-json\/wp\/v2\/types\/post"}],"author":[{"embeddable":true,"href":"https:\/\/www.vwpolo6n.de\/christian\/wp-json\/wp\/v2\/users\/2"}],"replies":[{"embeddable":true,"href":"https:\/\/www.vwpolo6n.de\/christian\/wp-json\/wp\/v2\/comments?post=6719"}],"version-history":[{"count":7,"href":"https:\/\/www.vwpolo6n.de\/christian\/wp-json\/wp\/v2\/posts\/6719\/revisions"}],"predecessor-version":[{"id":6741,"href":"https:\/\/www.vwpolo6n.de\/christian\/wp-json\/wp\/v2\/posts\/6719\/revisions\/6741"}],"wp:attachment":[{"href":"https:\/\/www.vwpolo6n.de\/christian\/wp-json\/wp\/v2\/media?parent=6719"}],"wp:term":[{"taxonomy":"category","embeddable":true,"href":"https:\/\/www.vwpolo6n.de\/christian\/wp-json\/wp\/v2\/categories?post=6719"},{"taxonomy":"post_tag","embeddable":true,"href":"https:\/\/www.vwpolo6n.de\/christian\/wp-json\/wp\/v2\/tags?post=6719"}],"curies":[{"name":"wp","href":"https:\/\/api.w.org\/{rel}","templated":true}]}}